{"id":18190,"date":"2026-05-01T18:18:15","date_gmt":"2026-05-01T21:18:15","guid":{"rendered":"https:\/\/saltanoticiassalta.org\/?p=18190"},"modified":"2026-05-01T18:18:15","modified_gmt":"2026-05-01T21:18:15","slug":"los-doce-signos-del-zodiaco-horoscopo-del-dia-1ro-de-mayo-de-2026-radio-del-guille-104-9-salta-arg","status":"publish","type":"post","link":"https:\/\/saltanoticiassalta.org\/?p=18190","title":{"rendered":"Los doce Signos del Zodiaco \u2013 Hor\u00f3scopo del D\u00cdA 1ro DE MAYO DE 2026 \u2013 Radio del Guille 104.9 \u2013 Salta \u2013 ARG"},"content":{"rendered":"<div class=\"elementor-element elementor-element-87bc437 elementor-widget elementor-widget-shortcode\" data-id=\"87bc437\" data-element_type=\"widget\" data-e-type=\"widget\" data-widget_type=\"shortcode.default\">\n<div class=\"elementor-widget-container\">\n<div class=\"elementor-shortcode\">\n<div class=\"elementor elementor-4651\" data-elementor-type=\"container\" data-elementor-id=\"4651\" data-elementor-post-type=\"elementor_library\">\n<div id=\"aries\" class=\"elementor-element elementor-element-6b42732d e-con-full e-flex e-con e-child\" data-id=\"6b42732d\" data-element_type=\"container\" data-e-type=\"container\">\n<div class=\"elementor-element elementor-element-5d88d49 elementor-position-left elementor-position-left elementor-vertical-align-middle elementor-widget elementor-widget-image-box\" data-id=\"5d88d49\" data-element_type=\"widget\" data-e-type=\"widget\" data-widget_type=\"image-box.default\">\n<div class=\"elementor-widget-container\">\n<div class=\"elementor-image-box-wrapper\">\n<figure class=\"elementor-image-box-img\"><span style=\"background-color: #0000ff;\"><em><span style=\"font-size: 18pt; font-family: 'times new roman', times, serif; background-color: #0000ff;\"><img loading=\"lazy\" decoding=\"async\" data-attachment-id=\"3484\" data-permalink=\"https:\/\/saltanoticiassalta.org\/?attachment_id=3484\" data-orig-file=\"https:\/\/saltanoticiassalta.org\/wp-content\/uploads\/2020\/12\/ARIES-2021.jpg\" data-orig-size=\"873,1088\" data-comments-opened=\"1\" data-image-meta=\"{&quot;aperture&quot;:&quot;0&quot;,&quot;credit&quot;:&quot;&quot;,&quot;camera&quot;:&quot;&quot;,&quot;caption&quot;:&quot;&quot;,&quot;created_timestamp&quot;:&quot;0&quot;,&quot;copyright&quot;:&quot;&quot;,&quot;focal_length&quot;:&quot;0&quot;,&quot;iso&quot;:&quot;0&quot;,&quot;shutter_speed&quot;:&quot;0&quot;,&quot;title&quot;:&quot;&quot;,&quot;orientation&quot;:&quot;0&quot;}\" data-image-title=\"ARIES 2021\" data-image-description=\"\" data-image-caption=\"\" data-medium-file=\"https:\/\/saltanoticiassalta.org\/wp-content\/uploads\/2020\/12\/ARIES-2021-241x300.jpg\" data-large-file=\"https:\/\/saltanoticiassalta.org\/wp-content\/uploads\/2020\/12\/ARIES-2021-802x1000.jpg\" class=\"alignnone size-medium wp-image-3484 aligncenter\" src=\"http:\/\/saltanoticiassalta.org\/wp-content\/uploads\/2020\/12\/ARIES-2021-241x300.jpg\" alt=\"\" width=\"241\" height=\"300\" srcset=\"https:\/\/saltanoticiassalta.org\/wp-content\/uploads\/2020\/12\/ARIES-2021-241x300.jpg 241w, https:\/\/saltanoticiassalta.org\/wp-content\/uploads\/2020\/12\/ARIES-2021-802x1000.jpg 802w, https:\/\/saltanoticiassalta.org\/wp-content\/uploads\/2020\/12\/ARIES-2021-768x957.jpg 768w, https:\/\/saltanoticiassalta.org\/wp-content\/uploads\/2020\/12\/ARIES-2021.jpg 873w\" sizes=\"auto, (max-width: 241px) 100vw, 241px\" \/><\/span><\/em><\/span><\/figure>\n<div class=\"elementor-image-box-content\" style=\"text-align: center;\">\n<h2 class=\"elementor-image-box-title\"><span style=\"background-color: #ffffff; color: #0000ff;\"><em><span style=\"font-size: 18pt; font-family: 'times new roman', times, serif; background-color: #ffffff;\">Aries<\/span><\/em><\/span><\/h2>\n<\/div>\n<\/div>\n<\/div>\n<\/div>\n<\/div>\n<\/div>\n<\/div>\n<\/div>\n<\/div>\n<div class=\"elementor-element elementor-element-d36404e elementor-widget elementor-widget-text-editor\" data-id=\"d36404e\" data-element_type=\"widget\" data-e-type=\"widget\" data-widget_type=\"text-editor.default\">\n<div class=\"elementor-widget-container\">\n<p><span style=\"background-color: #ffffff; color: #0000ff;\"><em><span style=\"font-size: 18pt; font-family: 'times new roman', times, serif; background-color: #ffffff;\"><strong>En el amor:<\/strong>\u00a0Este inicio de mes te impulsa a buscar una conexi\u00f3n m\u00e1s s\u00f3lida y tangible con tu pareja. Es el momento perfecto para disfrutar de planes tranquilos que involucren los sentidos, como una comida especial o un paseo por la naturaleza. Si est\u00e1s soltero o soltera, tu magnetismo se basar\u00e1 en tu autenticidad y en la seguridad que proyectas al hablar de tus pasiones. Alguien con valores muy firmes se sentir\u00e1 atra\u00eddo por tu energ\u00eda vital.<\/span><\/em><\/span><\/p>\n<p><span style=\"background-color: #ffffff; color: #0000ff;\"><em><span style=\"font-size: 18pt; font-family: 'times new roman', times, serif; background-color: #ffffff;\"><strong>En el trabajo:<\/strong>\u00a0Hoy es un d\u00eda para reconocer tu valor profesional y la importancia de tu labor t\u00e9cnica. Es probable que recibas noticias positivas sobre un proyecto que requiere constancia y atenci\u00f3n al detalle. Tu capacidad para gestionar el tiempo de manera eficiente te permitir\u00e1 cerrar la semana con una sensaci\u00f3n de deber cumplido. Aprovecha para organizar tus herramientas digitales y optimizar tus procesos de cara a los retos de mayo.<\/span><\/em><\/span><\/p>\n<p><span style=\"background-color: #ffffff; color: #0000ff;\"><em><span style=\"font-size: 18pt; font-family: 'times new roman', times, serif; background-color: #ffffff;\"><strong>Bienestar:<\/strong>\u00a0Tu cuerpo responde positivamente al contacto con el aire libre y el ejercicio moderado. Presta atenci\u00f3n a tu respiraci\u00f3n y trata de realizar pausas conscientes si pasas mucho tiempo frente a la pantalla. La hidrataci\u00f3n ser\u00e1 clave hoy para mantener tus niveles de concentraci\u00f3n altos; opta por agua natural o infusiones que ayuden a desinflamar tu organismo tras una semana de actividad intensa.<\/span><\/em><\/span><\/p>\n<p><span style=\"background-color: #ffffff; color: #0000ff;\"><em><span style=\"font-size: 18pt; font-family: 'times new roman', times, serif; background-color: #ffffff;\"><strong>Tu consejo de hoy:<\/strong>\u00a0La perseverancia es la madre de la maestr\u00eda. Valora cada peque\u00f1o avance, pues es el cimiento de tus grandes \u00e9xitos.<\/span><\/em><\/span><\/p>\n<p><span style=\"background-color: #ffffff; color: #0000ff;\"><em><span style=\"font-size: 18pt; font-family: 'times new roman', times, serif; background-color: #ffffff;\">Tus n\u00fameros de la suerte son 05 y 16 y cuentas con una afinidad m\u00e1gica con Leo.<\/span><\/em><\/span><\/p>\n<\/div>\n<\/div>\n<div class=\"elementor-element elementor-element-377cdfe elementor-widget elementor-widget-shortcode\" data-id=\"377cdfe\" data-element_type=\"widget\" data-e-type=\"widget\" data-widget_type=\"shortcode.default\">\n<div class=\"elementor-widget-container\">\n<div class=\"elementor-shortcode\">\n<div class=\"elementor elementor-4656\" data-elementor-type=\"container\" data-elementor-id=\"4656\" data-elementor-post-type=\"elementor_library\">\n<div id=\"tauro\" class=\"elementor-element elementor-element-6b42732d e-con-full e-flex e-con e-child\" data-id=\"6b42732d\" data-element_type=\"container\" data-e-type=\"container\">\n<div class=\"elementor-element elementor-element-88cd693 elementor-position-left elementor-position-left elementor-vertical-align-middle elementor-widget elementor-widget-image-box\" data-id=\"88cd693\" data-element_type=\"widget\" data-e-type=\"widget\" data-widget_type=\"image-box.default\">\n<div class=\"elementor-widget-container\">\n<div class=\"elementor-image-box-wrapper\">\n<figure class=\"elementor-image-box-img\"><span style=\"background-color: #ffffff; color: #0000ff;\"><em><span style=\"font-size: 18pt; font-family: 'times new roman', times, serif; background-color: #ffffff;\"><img loading=\"lazy\" decoding=\"async\" data-attachment-id=\"406\" data-permalink=\"https:\/\/saltanoticiassalta.org\/?attachment_id=406\" data-orig-file=\"https:\/\/saltanoticiassalta.org\/wp-content\/uploads\/2019\/01\/TAURO-GUILLERMO-CAPELL\u00c1N-PARA-CARTA.jpg\" data-orig-size=\"450,600\" data-comments-opened=\"1\" data-image-meta=\"{&quot;aperture&quot;:&quot;0&quot;,&quot;credit&quot;:&quot;&quot;,&quot;camera&quot;:&quot;&quot;,&quot;caption&quot;:&quot;&quot;,&quot;created_timestamp&quot;:&quot;0&quot;,&quot;copyright&quot;:&quot;&quot;,&quot;focal_length&quot;:&quot;0&quot;,&quot;iso&quot;:&quot;0&quot;,&quot;shutter_speed&quot;:&quot;0&quot;,&quot;title&quot;:&quot;&quot;,&quot;orientation&quot;:&quot;0&quot;}\" data-image-title=\"TAURO GUILLERMO CAPELL\u00c1N PARA CARTA\" data-image-description=\"\" data-image-caption=\"\" data-medium-file=\"https:\/\/saltanoticiassalta.org\/wp-content\/uploads\/2019\/01\/TAURO-GUILLERMO-CAPELL\u00c1N-PARA-CARTA-225x300.jpg\" data-large-file=\"https:\/\/saltanoticiassalta.org\/wp-content\/uploads\/2019\/01\/TAURO-GUILLERMO-CAPELL\u00c1N-PARA-CARTA.jpg\" class=\"alignnone size-medium wp-image-406 aligncenter\" src=\"http:\/\/saltanoticiassalta.org\/wp-content\/uploads\/2019\/01\/TAURO-GUILLERMO-CAPELL\u00c1N-PARA-CARTA-225x300.jpg\" alt=\"\" width=\"225\" height=\"300\" srcset=\"https:\/\/saltanoticiassalta.org\/wp-content\/uploads\/2019\/01\/TAURO-GUILLERMO-CAPELL\u00c1N-PARA-CARTA-225x300.jpg 225w, https:\/\/saltanoticiassalta.org\/wp-content\/uploads\/2019\/01\/TAURO-GUILLERMO-CAPELL\u00c1N-PARA-CARTA.jpg 450w\" sizes=\"auto, (max-width: 225px) 100vw, 225px\" \/><\/span><\/em><\/span><\/figure>\n<div class=\"elementor-image-box-content\" style=\"text-align: center;\">\n<h2 class=\"elementor-image-box-title\"><span style=\"background-color: #ffffff; color: #0000ff;\"><em><span style=\"font-size: 18pt; font-family: 'times new roman', times, serif; background-color: #ffffff;\">Tauro<\/span><\/em><\/span><\/h2>\n<\/div>\n<\/div>\n<\/div>\n<\/div>\n<\/div>\n<\/div>\n<\/div>\n<\/div>\n<\/div>\n<div class=\"elementor-element elementor-element-222c06a elementor-widget elementor-widget-text-editor\" data-id=\"222c06a\" data-element_type=\"widget\" data-e-type=\"widget\" data-widget_type=\"text-editor.default\">\n<div class=\"elementor-widget-container\">\n<p><span style=\"background-color: #ffffff; color: #0000ff;\"><em><span style=\"font-size: 18pt; font-family: 'times new roman', times, serif; background-color: #ffffff;\"><strong>En el amor:<\/strong>\u00a0La energ\u00eda de hoy exalta tu romanticismo y tu deseo de estabilidad en los v\u00ednculos afectivos. Con tu pareja, el lenguaje del cari\u00f1o se manifestar\u00e1 a trav\u00e9s de los peque\u00f1os detalles y la presencia constante. Si buscas el amor, este aparecer\u00e1 en lugares donde reine la paz y la armon\u00eda est\u00e9tica. Te sentir\u00e1s atra\u00eddo por personas que demuestren una gran lealtad y que valoren la calidad sobre la cantidad en las relaciones.<\/span><\/em><\/span><\/p>\n<p><span style=\"background-color: #ffffff; color: #0000ff;\"><em><span style=\"font-size: 18pt; font-family: 'times new roman', times, serif; background-color: #ffffff;\"><strong>En el trabajo:<\/strong>\u00a0Te encuentras en un momento de gran lucidez para los asuntos financieros y la gesti\u00f3n de recursos. Es un excelente d\u00eda para revisar presupuestos, realizar inversiones en equipo t\u00e9cnico o planificar el crecimiento de tus proyectos digitales. Tu enfoque pr\u00e1ctico ser\u00e1 tu mejor herramienta para convencer a socios o clientes sobre la viabilidad de tus ideas. La paciencia ser\u00e1 tu mayor virtud para alcanzar los objetivos propuestos.<\/span><\/em><\/span><\/p>\n<p><span style=\"background-color: #ffffff; color: #0000ff;\"><em><span style=\"font-size: 18pt; font-family: 'times new roman', times, serif; background-color: #ffffff;\"><strong>Bienestar:<\/strong>\u00a0Tu salud f\u00edsica se ver\u00e1 beneficiada por una rutina de autocuidado que incluya masajes suaves o ba\u00f1os relajantes. El cuello y la garganta siguen siendo zonas de atenci\u00f3n; evita las corrientes de aire y mant\u00e9n una postura relajada. Conectar con la tierra, ya sea a trav\u00e9s de la jardiner\u00eda o caminando descalzo sobre el c\u00e9sped, te ayudar\u00e1 a descargar el estr\u00e9s y a renovar tu energ\u00eda vital de forma natural.<\/span><\/em><\/span><\/p>\n<p><span style=\"background-color: #ffffff; color: #0000ff;\"><em><span style=\"font-size: 18pt; font-family: 'times new roman', times, serif; background-color: #ffffff;\"><strong>Tu consejo de hoy:<\/strong>\u00a0La verdadera riqueza reside en la capacidad de disfrutar del presente con gratitud y serenidad absoluta.<\/span><\/em><\/span><\/p>\n<p><span style=\"background-color: #ffffff; color: #0000ff;\"><em><span style=\"font-size: 18pt; font-family: 'times new roman', times, serif; background-color: #ffffff;\">Tus n\u00fameros de la suerte son 02 y 24 y cuentas con una afinidad m\u00e1gica con Virgo.<\/span><\/em><\/span><\/p>\n<\/div>\n<\/div>\n<div class=\"elementor-element elementor-element-2657fd2 elementor-widget elementor-widget-shortcode\" data-id=\"2657fd2\" data-element_type=\"widget\" data-e-type=\"widget\" data-widget_type=\"shortcode.default\">\n<div class=\"elementor-widget-container\">\n<div class=\"elementor-shortcode\">\n<div class=\"elementor elementor-4655\" data-elementor-type=\"container\" data-elementor-id=\"4655\" data-elementor-post-type=\"elementor_library\">\n<div id=\"geminis\" class=\"elementor-element elementor-element-6b42732d e-con-full e-flex e-con e-child\" data-id=\"6b42732d\" data-element_type=\"container\" data-e-type=\"container\">\n<div class=\"elementor-element elementor-element-7d398b0 elementor-position-left elementor-position-left elementor-vertical-align-middle elementor-widget elementor-widget-image-box\" data-id=\"7d398b0\" data-element_type=\"widget\" data-e-type=\"widget\" data-widget_type=\"image-box.default\">\n<div class=\"elementor-widget-container\">\n<div class=\"elementor-image-box-wrapper\">\n<figure class=\"elementor-image-box-img\"><span style=\"background-color: #ffffff; color: #0000ff;\"><em><span style=\"font-size: 18pt; font-family: 'times new roman', times, serif; background-color: #ffffff;\"><img loading=\"lazy\" decoding=\"async\" data-attachment-id=\"409\" data-permalink=\"https:\/\/saltanoticiassalta.org\/?attachment_id=409\" data-orig-file=\"https:\/\/saltanoticiassalta.org\/wp-content\/uploads\/2019\/01\/G\u00c9MINIS-FOTO-GUILLERMO-CAPELL\u00c1N-PARA-CARTA.jpg\" data-orig-size=\"449,599\" data-comments-opened=\"1\" data-image-meta=\"{&quot;aperture&quot;:&quot;0&quot;,&quot;credit&quot;:&quot;&quot;,&quot;camera&quot;:&quot;&quot;,&quot;caption&quot;:&quot;&quot;,&quot;created_timestamp&quot;:&quot;0&quot;,&quot;copyright&quot;:&quot;&quot;,&quot;focal_length&quot;:&quot;0&quot;,&quot;iso&quot;:&quot;0&quot;,&quot;shutter_speed&quot;:&quot;0&quot;,&quot;title&quot;:&quot;&quot;,&quot;orientation&quot;:&quot;0&quot;}\" data-image-title=\"G\u00c9MINIS FOTO GUILLERMO CAPELL\u00c1N PARA CARTA\" data-image-description=\"\" data-image-caption=\"\" data-medium-file=\"https:\/\/saltanoticiassalta.org\/wp-content\/uploads\/2019\/01\/G\u00c9MINIS-FOTO-GUILLERMO-CAPELL\u00c1N-PARA-CARTA-225x300.jpg\" data-large-file=\"https:\/\/saltanoticiassalta.org\/wp-content\/uploads\/2019\/01\/G\u00c9MINIS-FOTO-GUILLERMO-CAPELL\u00c1N-PARA-CARTA.jpg\" class=\"alignnone size-medium wp-image-409 aligncenter\" src=\"http:\/\/saltanoticiassalta.org\/wp-content\/uploads\/2019\/01\/G\u00c9MINIS-FOTO-GUILLERMO-CAPELL\u00c1N-PARA-CARTA-225x300.jpg\" alt=\"\" width=\"225\" height=\"300\" srcset=\"https:\/\/saltanoticiassalta.org\/wp-content\/uploads\/2019\/01\/G\u00c9MINIS-FOTO-GUILLERMO-CAPELL\u00c1N-PARA-CARTA-225x300.jpg 225w, https:\/\/saltanoticiassalta.org\/wp-content\/uploads\/2019\/01\/G\u00c9MINIS-FOTO-GUILLERMO-CAPELL\u00c1N-PARA-CARTA.jpg 449w\" sizes=\"auto, (max-width: 225px) 100vw, 225px\" \/><\/span><\/em><\/span><\/figure>\n<div class=\"elementor-image-box-content\" style=\"text-align: center;\">\n<h2 class=\"elementor-image-box-title\"><span style=\"background-color: #ffffff; color: #0000ff;\"><em><span style=\"font-size: 18pt; font-family: 'times new roman', times, serif; background-color: #ffffff;\">G\u00e9minis<\/span><\/em><\/span><\/h2>\n<\/div>\n<\/div>\n<\/div>\n<\/div>\n<\/div>\n<\/div>\n<\/div>\n<\/div>\n<\/div>\n<div class=\"elementor-element elementor-element-d68dcf8 elementor-widget elementor-widget-text-editor\" data-id=\"d68dcf8\" data-element_type=\"widget\" data-e-type=\"widget\" data-widget_type=\"text-editor.default\">\n<div class=\"elementor-widget-container\">\n<p><span style=\"background-color: #ffffff; color: #0000ff;\"><em><span style=\"font-size: 18pt; font-family: 'times new roman', times, serif; background-color: #ffffff;\"><strong>En el amor:<\/strong>\u00a0Tu comunicaci\u00f3n hoy fluye de manera constructiva, permiti\u00e9ndote expresar tus sentimientos con una claridad asombrosa. Es un d\u00eda ideal para profundizar en el conocimiento mutuo con tu pareja a trav\u00e9s de di\u00e1logos sinceros. Si est\u00e1s soltero, tu curiosidad intelectual te llevar\u00e1 a conocer a alguien con quien compartir\u00e1s intereses muy espec\u00edficos. La afinidad mental ser\u00e1 el primer paso hacia una conexi\u00f3n emocional m\u00e1s profunda y duradera.<\/span><\/em><\/span><\/p>\n<p><span style=\"background-color: #ffffff; color: #0000ff;\"><em><span style=\"font-size: 18pt; font-family: 'times new roman', times, serif; background-color: #ffffff;\"><strong>En el trabajo:<\/strong>\u00a0Las oportunidades de colaboraci\u00f3n aparecen hoy en tu horizonte profesional de forma inesperada. Es un buen momento para el intercambio de ideas y para participar en reuniones donde se definan las estrategias del mes. Tu agilidad mental te permitir\u00e1 encontrar soluciones r\u00e1pidas a problemas de comunicaci\u00f3n interna. Mant\u00e9n el orden en tu agenda para no dispersar tu energ\u00eda en tareas secundarias que puedan esperar.<\/span><\/em><\/span><\/p>\n<p><span style=\"background-color: #ffffff; color: #0000ff;\"><em><span style=\"font-size: 18pt; font-family: 'times new roman', times, serif; background-color: #ffffff;\"><strong>Bienestar:<\/strong>\u00a0Tu sistema nervioso necesita momentos de silencio total para procesar toda la informaci\u00f3n que recibes. La pr\u00e1ctica de la meditaci\u00f3n o simplemente cerrar los ojos durante unos minutos te devolver\u00e1 la calma necesaria. Evita el exceso de pantallas durante la noche para favorecer un sue\u00f1o profundo. El bienestar hoy vendr\u00e1 de la mano de actividades que estimulen tu intelecto sin agotarte f\u00edsicamente.<\/span><\/em><\/span><\/p>\n<p><span style=\"background-color: #ffffff; color: #0000ff;\"><em><span style=\"font-size: 18pt; font-family: 'times new roman', times, serif; background-color: #ffffff;\"><strong>Tu consejo de hoy:<\/strong>\u00a0Elige tus palabras con sabidur\u00eda; tienen el poder de construir realidades y fortalecer los lazos m\u00e1s importantes de tu vida.<\/span><\/em><\/span><\/p>\n<p><span style=\"background-color: #ffffff; color: #0000ff;\"><em><span style=\"font-size: 18pt; font-family: 'times new roman', times, serif; background-color: #ffffff;\">Tus n\u00fameros de la suerte son 11 y 28 y cuentas con una afinidad m\u00e1gica con Acuario.<\/span><\/em><\/span><\/p>\n<\/div>\n<\/div>\n<div class=\"elementor-element elementor-element-41785b0 elementor-widget elementor-widget-shortcode\" data-id=\"41785b0\" data-element_type=\"widget\" data-e-type=\"widget\" data-widget_type=\"shortcode.default\">\n<div class=\"elementor-widget-container\">\n<div class=\"elementor-shortcode\">\n<div class=\"elementor elementor-4654\" data-elementor-type=\"container\" data-elementor-id=\"4654\" data-elementor-post-type=\"elementor_library\">\n<div id=\"cancer\" class=\"elementor-element elementor-element-6b42732d e-con-full e-flex e-con e-child\" data-id=\"6b42732d\" data-element_type=\"container\" data-e-type=\"container\">\n<div class=\"elementor-element elementor-element-3882658 elementor-position-left elementor-position-left elementor-vertical-align-middle elementor-widget elementor-widget-image-box\" data-id=\"3882658\" data-element_type=\"widget\" data-e-type=\"widget\" data-widget_type=\"image-box.default\">\n<div class=\"elementor-widget-container\">\n<div class=\"elementor-image-box-wrapper\">\n<figure class=\"elementor-image-box-img\"><span style=\"background-color: #ffffff; color: #0000ff;\"><em><span style=\"font-size: 18pt; font-family: 'times new roman', times, serif; background-color: #ffffff;\"><img loading=\"lazy\" decoding=\"async\" data-attachment-id=\"17068\" data-permalink=\"https:\/\/saltanoticiassalta.org\/?attachment_id=17068\" data-orig-file=\"https:\/\/saltanoticiassalta.org\/wp-content\/uploads\/2026\/02\/cancer-guille.jpg\" data-orig-size=\"450,600\" data-comments-opened=\"1\" data-image-meta=\"{&quot;aperture&quot;:&quot;0&quot;,&quot;credit&quot;:&quot;&quot;,&quot;camera&quot;:&quot;&quot;,&quot;caption&quot;:&quot;&quot;,&quot;created_timestamp&quot;:&quot;0&quot;,&quot;copyright&quot;:&quot;&quot;,&quot;focal_length&quot;:&quot;0&quot;,&quot;iso&quot;:&quot;0&quot;,&quot;shutter_speed&quot;:&quot;0&quot;,&quot;title&quot;:&quot;&quot;,&quot;orientation&quot;:&quot;0&quot;}\" data-image-title=\"cancer guille\" data-image-description=\"\" data-image-caption=\"\" data-medium-file=\"https:\/\/saltanoticiassalta.org\/wp-content\/uploads\/2026\/02\/cancer-guille-225x300.jpg\" data-large-file=\"https:\/\/saltanoticiassalta.org\/wp-content\/uploads\/2026\/02\/cancer-guille.jpg\" class=\"alignnone size-medium wp-image-17068 aligncenter\" src=\"http:\/\/saltanoticiassalta.org\/wp-content\/uploads\/2026\/02\/cancer-guille-225x300.jpg\" alt=\"\" width=\"225\" height=\"300\" srcset=\"https:\/\/saltanoticiassalta.org\/wp-content\/uploads\/2026\/02\/cancer-guille-225x300.jpg 225w, https:\/\/saltanoticiassalta.org\/wp-content\/uploads\/2026\/02\/cancer-guille.jpg 450w\" sizes=\"auto, (max-width: 225px) 100vw, 225px\" \/><\/span><\/em><\/span><\/figure>\n<div class=\"elementor-image-box-content\" style=\"text-align: center;\">\n<h2 class=\"elementor-image-box-title\"><span style=\"background-color: #ffffff; color: #0000ff;\"><em><span style=\"font-size: 18pt; font-family: 'times new roman', times, serif; background-color: #ffffff;\">C\u00e1ncer<\/span><\/em><\/span><\/h2>\n<\/div>\n<\/div>\n<\/div>\n<\/div>\n<\/div>\n<\/div>\n<\/div>\n<\/div>\n<\/div>\n<div class=\"elementor-element elementor-element-55902b2 elementor-widget elementor-widget-text-editor\" data-id=\"55902b2\" data-element_type=\"widget\" data-e-type=\"widget\" data-widget_type=\"text-editor.default\">\n<div class=\"elementor-widget-container\">\n<p><span style=\"background-color: #ffffff; color: #0000ff;\"><em><span style=\"font-size: 18pt; font-family: 'times new roman', times, serif; background-color: #ffffff;\"><strong>En el amor:<\/strong>\u00a0Hoy te sientes especialmente protector y cari\u00f1oso con las personas que forman parte de tu c\u00edrculo \u00edntimo. En la pareja, los gestos de ternura y la creaci\u00f3n de un ambiente acogedor en casa ser\u00e1n fundamentales para fortalecer la uni\u00f3n. Si buscas pareja, tu dulzura natural ser\u00e1 un im\u00e1n para quienes buscan una relaci\u00f3n basada en el cuidado mutuo. Conf\u00eda en tu intuici\u00f3n al elegir con qui\u00e9n compartir tu tiempo.<\/span><\/em><\/span><\/p>\n<p><span style=\"background-color: #ffffff; color: #0000ff;\"><em><span style=\"font-size: 18pt; font-family: 'times new roman', times, serif; background-color: #ffffff;\"><strong>En el trabajo:<\/strong>\u00a0Es un d\u00eda para enfocarte en las tareas que requieren un toque personal y una gran empat\u00eda. Tu capacidad para entender las necesidades de tus clientes te permitir\u00e1 ofrecer un servicio excepcional que ser\u00e1 muy valorado. En el entorno laboral, tu actitud colaborativa ayudar\u00e1 a mejorar el clima de trabajo. Es un momento propicio para organizar proyectos que tengan un impacto social o emocional positivo.<\/span><\/em><\/span><\/p>\n<p><span style=\"background-color: #ffffff; color: #0000ff;\"><em><span style=\"font-size: 18pt; font-family: 'times new roman', times, serif; background-color: #ffffff;\"><strong>Bienestar:<\/strong>\u00a0Tu salud emocional es tu prioridad hoy; busca espacios donde te sientas seguro y comprendido. Beber infusiones calientes y mantener una alimentaci\u00f3n casera te ayudar\u00e1 a sentirte m\u00e1s equilibrado y con energ\u00eda. Presta atenci\u00f3n a tus sue\u00f1os, ya que podr\u00edan contener mensajes importantes sobre tus necesidades internas. La conexi\u00f3n con el agua te brindar\u00e1 una sensaci\u00f3n de limpieza y renovaci\u00f3n profunda.<\/span><\/em><\/span><\/p>\n<p><span style=\"background-color: #ffffff; color: #0000ff;\"><em><span style=\"font-size: 18pt; font-family: 'times new roman', times, serif; background-color: #ffffff;\"><strong>Tu consejo de hoy:<\/strong>\u00a0El amor que das a los dem\u00e1s empieza por el respeto y el cuidado que te brindas a ti mismo cada d\u00eda.<\/span><\/em><\/span><\/p>\n<p><span style=\"background-color: #ffffff; color: #0000ff;\"><em><span style=\"font-size: 18pt; font-family: 'times new roman', times, serif; background-color: #ffffff;\">Tus n\u00fameros de la suerte son 07 y 19 y cuentas con una afinidad m\u00e1gica con Piscis.<\/span><\/em><\/span><\/p>\n<\/div>\n<\/div>\n<div class=\"elementor-element elementor-element-87c59d8 elementor-widget elementor-widget-shortcode\" data-id=\"87c59d8\" data-element_type=\"widget\" data-e-type=\"widget\" data-widget_type=\"shortcode.default\">\n<div class=\"elementor-widget-container\">\n<div class=\"elementor-shortcode\">\n<div class=\"elementor elementor-4658\" data-elementor-type=\"container\" data-elementor-id=\"4658\" data-elementor-post-type=\"elementor_library\">\n<div id=\"leo\" class=\"elementor-element elementor-element-6b42732d e-con-full e-flex e-con e-child\" data-id=\"6b42732d\" data-element_type=\"container\" data-e-type=\"container\">\n<div class=\"elementor-element elementor-element-77c4d6e elementor-position-left elementor-position-left elementor-vertical-align-middle elementor-widget elementor-widget-image-box\" data-id=\"77c4d6e\" data-element_type=\"widget\" data-e-type=\"widget\" data-widget_type=\"image-box.default\">\n<div class=\"elementor-widget-container\">\n<div class=\"elementor-image-box-wrapper\">\n<figure class=\"elementor-image-box-img\"><span style=\"background-color: #ffffff; color: #0000ff;\"><em><span style=\"font-size: 18pt; font-family: 'times new roman', times, serif; background-color: #ffffff;\"><img loading=\"lazy\" decoding=\"async\" data-attachment-id=\"411\" data-permalink=\"https:\/\/saltanoticiassalta.org\/?attachment_id=411\" data-orig-file=\"https:\/\/saltanoticiassalta.org\/wp-content\/uploads\/2019\/01\/LEO-FOTO-GUILLERMO-CAPELLAN-PARA-CARTA.jpg\" data-orig-size=\"493,637\" data-comments-opened=\"1\" data-image-meta=\"{&quot;aperture&quot;:&quot;0&quot;,&quot;credit&quot;:&quot;&quot;,&quot;camera&quot;:&quot;&quot;,&quot;caption&quot;:&quot;&quot;,&quot;created_timestamp&quot;:&quot;0&quot;,&quot;copyright&quot;:&quot;&quot;,&quot;focal_length&quot;:&quot;0&quot;,&quot;iso&quot;:&quot;0&quot;,&quot;shutter_speed&quot;:&quot;0&quot;,&quot;title&quot;:&quot;&quot;,&quot;orientation&quot;:&quot;0&quot;}\" data-image-title=\"LEO FOTO GUILLERMO CAPELLAN PARA CARTA\" data-image-description=\"\" data-image-caption=\"\" data-medium-file=\"https:\/\/saltanoticiassalta.org\/wp-content\/uploads\/2019\/01\/LEO-FOTO-GUILLERMO-CAPELLAN-PARA-CARTA-232x300.jpg\" data-large-file=\"https:\/\/saltanoticiassalta.org\/wp-content\/uploads\/2019\/01\/LEO-FOTO-GUILLERMO-CAPELLAN-PARA-CARTA.jpg\" class=\"alignnone size-medium wp-image-411 aligncenter\" src=\"http:\/\/saltanoticiassalta.org\/wp-content\/uploads\/2019\/01\/LEO-FOTO-GUILLERMO-CAPELLAN-PARA-CARTA-232x300.jpg\" alt=\"\" width=\"232\" height=\"300\" srcset=\"https:\/\/saltanoticiassalta.org\/wp-content\/uploads\/2019\/01\/LEO-FOTO-GUILLERMO-CAPELLAN-PARA-CARTA-232x300.jpg 232w, https:\/\/saltanoticiassalta.org\/wp-content\/uploads\/2019\/01\/LEO-FOTO-GUILLERMO-CAPELLAN-PARA-CARTA.jpg 493w\" sizes=\"auto, (max-width: 232px) 100vw, 232px\" \/><\/span><\/em><\/span><\/figure>\n<div class=\"elementor-image-box-content\" style=\"text-align: center;\">\n<h2 class=\"elementor-image-box-title\"><span style=\"background-color: #ffffff; color: #0000ff;\"><em><span style=\"font-size: 18pt; font-family: 'times new roman', times, serif; background-color: #ffffff;\">Leo<\/span><\/em><\/span><\/h2>\n<\/div>\n<\/div>\n<\/div>\n<\/div>\n<\/div>\n<\/div>\n<\/div>\n<\/div>\n<\/div>\n<div class=\"elementor-element elementor-element-032fa21 elementor-widget elementor-widget-text-editor\" data-id=\"032fa21\" data-element_type=\"widget\" data-e-type=\"widget\" data-widget_type=\"text-editor.default\">\n<div class=\"elementor-widget-container\">\n<p><span style=\"background-color: #ffffff; color: #0000ff;\"><em><span style=\"font-size: 18pt; font-family: 'times new roman', times, serif; background-color: #ffffff;\"><strong>En el amor:<\/strong>\u00a0Tu brillo personal es innegable hoy, lo que te convierte en el centro de atenci\u00f3n en cualquier reuni\u00f3n social. Con tu pareja, la pasi\u00f3n y la creatividad se entrelazan, permiti\u00e9ndoles vivir momentos inolvidables y llenos de alegr\u00eda. Si est\u00e1s soltero, tu confianza atraer\u00e1 a personas que admiran tu fuerza y tu capacidad de liderazgo. No temas mostrar tu lado m\u00e1s generoso y noble, pues esa es tu esencia m\u00e1s pura.<\/span><\/em><\/span><\/p>\n<p><span style=\"background-color: #ffffff; color: #0000ff;\"><em><span style=\"font-size: 18pt; font-family: 'times new roman', times, serif; background-color: #ffffff;\"><strong>En el trabajo:<\/strong>\u00a0Es un excelente d\u00eda para liderar nuevos comienzos y para presentar propuestas audaces que requieran una visi\u00f3n creativa. Tu entusiasmo ser\u00e1 contagioso y lograr\u00e1s motivar a tu equipo para alcanzar metas ambiciosas en este nuevo mes. Aprovecha para consolidar tu marca personal y para destacar tus logros m\u00e1s recientes ante tus superiores o clientes. Tu autoridad profesional se ver\u00e1 fortalecida por tus resultados tangibles.<\/span><\/em><\/span><\/p>\n<p><span style=\"background-color: #ffffff; color: #0000ff;\"><em><span style=\"font-size: 18pt; font-family: 'times new roman', times, serif; background-color: #ffffff;\"><strong>Bienestar:<\/strong>\u00a0Mant\u00e9n un ritmo de vida activo pero consciente de tus l\u00edmites f\u00edsicos para evitar el agotamiento. El sol es tu gran aliado; intenta pasar unos minutos bajo la luz natural para recargar tu vitalidad. Realiza ejercicios que fortalezcan tu coraz\u00f3n y mejoren tu resistencia general. El bienestar mental vendr\u00e1 de la satisfacci\u00f3n de ver tus proyectos avanzar con \u00e9xito y de recibir el reconocimiento que mereces.<\/span><\/em><\/span><\/p>\n<p><span style=\"background-color: #ffffff; color: #0000ff;\"><em><span style=\"font-size: 18pt; font-family: 'times new roman', times, serif; background-color: #ffffff;\"><strong>Tu consejo de hoy:<\/strong>\u00a0No permitas que nada apague tu luz interna; eres capaz de iluminar los caminos m\u00e1s oscuros con tu determinaci\u00f3n.<\/span><\/em><\/span><\/p>\n<p><span style=\"background-color: #ffffff; color: #0000ff;\"><em><span style=\"font-size: 18pt; font-family: 'times new roman', times, serif; background-color: #ffffff;\">Tus n\u00fameros de la suerte son 01 y 13 y cuentas con una afinidad m\u00e1gica con Aries.<\/span><\/em><\/span><\/p>\n<\/div>\n<\/div>\n<div class=\"elementor-element elementor-element-5bbe755 elementor-widget elementor-widget-shortcode\" data-id=\"5bbe755\" data-element_type=\"widget\" data-e-type=\"widget\" data-widget_type=\"shortcode.default\">\n<div class=\"elementor-widget-container\">\n<div class=\"elementor-shortcode\">\n<div class=\"elementor elementor-4657\" data-elementor-type=\"container\" data-elementor-id=\"4657\" data-elementor-post-type=\"elementor_library\">\n<div id=\"virgo\" class=\"elementor-element elementor-element-6b42732d e-con-full e-flex e-con e-child\" data-id=\"6b42732d\" data-element_type=\"container\" data-e-type=\"container\">\n<div class=\"elementor-element elementor-element-d42f6ce elementor-position-left elementor-position-left elementor-vertical-align-middle elementor-widget elementor-widget-image-box\" data-id=\"d42f6ce\" data-element_type=\"widget\" data-e-type=\"widget\" data-widget_type=\"image-box.default\">\n<div class=\"elementor-widget-container\">\n<div class=\"elementor-image-box-wrapper\">\n<figure class=\"elementor-image-box-img\"><span style=\"background-color: #ffffff; color: #0000ff;\"><em><span style=\"font-size: 18pt; font-family: 'times new roman', times, serif; background-color: #ffffff;\"><img loading=\"lazy\" decoding=\"async\" data-attachment-id=\"412\" data-permalink=\"https:\/\/saltanoticiassalta.org\/?attachment_id=412\" data-orig-file=\"https:\/\/saltanoticiassalta.org\/wp-content\/uploads\/2019\/01\/VIRGO-FOTO-GUILLERMO-CAPELL\u00c1N-PARA-CARTA.jpg\" data-orig-size=\"378,656\" data-comments-opened=\"1\" data-image-meta=\"{&quot;aperture&quot;:&quot;0&quot;,&quot;credit&quot;:&quot;&quot;,&quot;camera&quot;:&quot;&quot;,&quot;caption&quot;:&quot;&quot;,&quot;created_timestamp&quot;:&quot;0&quot;,&quot;copyright&quot;:&quot;&quot;,&quot;focal_length&quot;:&quot;0&quot;,&quot;iso&quot;:&quot;0&quot;,&quot;shutter_speed&quot;:&quot;0&quot;,&quot;title&quot;:&quot;&quot;,&quot;orientation&quot;:&quot;0&quot;}\" data-image-title=\"VIRGO FOTO GUILLERMO CAPELL\u00c1N PARA CARTA\" data-image-description=\"\" data-image-caption=\"\" data-medium-file=\"https:\/\/saltanoticiassalta.org\/wp-content\/uploads\/2019\/01\/VIRGO-FOTO-GUILLERMO-CAPELL\u00c1N-PARA-CARTA-173x300.jpg\" data-large-file=\"https:\/\/saltanoticiassalta.org\/wp-content\/uploads\/2019\/01\/VIRGO-FOTO-GUILLERMO-CAPELL\u00c1N-PARA-CARTA.jpg\" class=\"alignnone size-medium wp-image-412 aligncenter\" src=\"http:\/\/saltanoticiassalta.org\/wp-content\/uploads\/2019\/01\/VIRGO-FOTO-GUILLERMO-CAPELL\u00c1N-PARA-CARTA-173x300.jpg\" alt=\"\" width=\"173\" height=\"300\" srcset=\"https:\/\/saltanoticiassalta.org\/wp-content\/uploads\/2019\/01\/VIRGO-FOTO-GUILLERMO-CAPELL\u00c1N-PARA-CARTA-173x300.jpg 173w, https:\/\/saltanoticiassalta.org\/wp-content\/uploads\/2019\/01\/VIRGO-FOTO-GUILLERMO-CAPELL\u00c1N-PARA-CARTA.jpg 378w\" sizes=\"auto, (max-width: 173px) 100vw, 173px\" \/><\/span><\/em><\/span><\/figure>\n<div class=\"elementor-image-box-content\" style=\"text-align: center;\">\n<h2 class=\"elementor-image-box-title\"><span style=\"background-color: #ffffff; color: #0000ff;\"><em><span style=\"font-size: 18pt; font-family: 'times new roman', times, serif; background-color: #ffffff;\">Virgo<\/span><\/em><\/span><\/h2>\n<\/div>\n<\/div>\n<\/div>\n<\/div>\n<\/div>\n<\/div>\n<\/div>\n<\/div>\n<\/div>\n<div class=\"elementor-element elementor-element-f322337 elementor-widget elementor-widget-text-editor\" data-id=\"f322337\" data-element_type=\"widget\" data-e-type=\"widget\" data-widget_type=\"text-editor.default\">\n<div class=\"elementor-widget-container\">\n<p><span style=\"background-color: #ffffff; color: #0000ff;\"><em><span style=\"font-size: 18pt; font-family: 'times new roman', times, serif; background-color: #ffffff;\"><strong>En el amor:<\/strong>\u00a0Hoy el amor se vive a trav\u00e9s de la lealtad y el apoyo constante en los detalles de la vida cotidiana. Si tienes pareja, planificar juntos la rutina del mes les dar\u00e1 una sensaci\u00f3n de seguridad y orden muy placentera. Para los solteros, la atracci\u00f3n surgir\u00e1 hacia personas que demuestren seriedad y una \u00e9tica de trabajo impecable. La comunicaci\u00f3n clara y sin artificios ser\u00e1 la clave para construir una confianza s\u00f3lida.<\/span><\/em><\/span><\/p>\n<p><span style=\"background-color: #ffffff; color: #0000ff;\"><em><span style=\"font-size: 18pt; font-family: 'times new roman', times, serif; background-color: #ffffff;\"><strong>En el trabajo:<\/strong>\u00a0Tu capacidad de an\u00e1lisis y tu atenci\u00f3n al detalle est\u00e1n en su punto m\u00e1ximo este viernes. Es un momento ideal para finalizar tareas t\u00e9cnicas complejas, revisar c\u00f3digos o auditar procesos que requieran una precisi\u00f3n absoluta. Tu eficiencia no pasar\u00e1 desapercibida y es probable que se te asigne una responsabilidad mayor en proyectos futuros. Mant\u00e9n tu espacio de trabajo organizado para maximizar tu productividad y enfoque.<\/span><\/em><\/span><\/p>\n<p><span style=\"background-color: #ffffff; color: #0000ff;\"><em><span style=\"font-size: 18pt; font-family: 'times new roman', times, serif; background-color: #ffffff;\"><strong>Bienestar:<\/strong>\u00a0El orden externo es el reflejo de tu equilibrio interno hoy; dedica tiempo a organizar tu entorno para reducir la ansiedad. Una dieta equilibrada y rica en nutrientes naturales ser\u00e1 fundamental para mantener tu sistema digestivo en \u00f3ptimas condiciones. La pr\u00e1ctica de ejercicios suaves, como el yoga o el estiramiento consciente, te ayudar\u00e1 a liberar la tensi\u00f3n acumulada en los hombros y la espalda.<\/span><\/em><\/span><\/p>\n<p><span style=\"background-color: #ffffff; color: #0000ff;\"><em><span style=\"font-size: 18pt; font-family: 'times new roman', times, serif; background-color: #ffffff;\"><strong>Tu consejo de hoy:<\/strong>\u00a0La perfecci\u00f3n no es el objetivo, sino el camino hacia la excelencia constante en todo lo que decides emprender.<\/span><\/em><\/span><\/p>\n<p><span style=\"background-color: #ffffff; color: #0000ff;\"><em><span style=\"font-size: 18pt; font-family: 'times new roman', times, serif; background-color: #ffffff;\">Tus n\u00fameros de la suerte son 04 y 22 y cuentas con una afinidad m\u00e1gica con Capricornio.<\/span><\/em><\/span><\/p>\n<\/div>\n<\/div>\n<div class=\"elementor-element elementor-element-c640476 elementor-widget elementor-widget-shortcode\" data-id=\"c640476\" data-element_type=\"widget\" data-e-type=\"widget\" data-widget_type=\"shortcode.default\">\n<div class=\"elementor-widget-container\">\n<div class=\"elementor-shortcode\">\n<div class=\"elementor elementor-4667\" data-elementor-type=\"container\" data-elementor-id=\"4667\" data-elementor-post-type=\"elementor_library\">\n<div id=\"libra\" class=\"elementor-element elementor-element-6b42732d e-con-full e-flex e-con e-child\" data-id=\"6b42732d\" data-element_type=\"container\" data-e-type=\"container\">\n<div class=\"elementor-element elementor-element-54f74f3 elementor-position-left elementor-position-left elementor-vertical-align-middle elementor-widget elementor-widget-image-box\" data-id=\"54f74f3\" data-element_type=\"widget\" data-e-type=\"widget\" data-widget_type=\"image-box.default\">\n<div class=\"elementor-widget-container\">\n<div class=\"elementor-image-box-wrapper\">\n<figure class=\"elementor-image-box-img\"><span style=\"background-color: #ffffff; color: #0000ff;\"><em><span style=\"font-size: 18pt; font-family: 'times new roman', times, serif; background-color: #ffffff;\"><img loading=\"lazy\" decoding=\"async\" data-attachment-id=\"1365\" data-permalink=\"https:\/\/saltanoticiassalta.org\/?attachment_id=1365\" data-orig-file=\"https:\/\/saltanoticiassalta.org\/wp-content\/uploads\/2019\/12\/LIBRA-FOTO-GUILLERMO-CAPELL\u00c1N-PARA-CARTA.jpg\" data-orig-size=\"485,647\" data-comments-opened=\"1\" data-image-meta=\"{&quot;aperture&quot;:&quot;0&quot;,&quot;credit&quot;:&quot;&quot;,&quot;camera&quot;:&quot;&quot;,&quot;caption&quot;:&quot;&quot;,&quot;created_timestamp&quot;:&quot;0&quot;,&quot;copyright&quot;:&quot;&quot;,&quot;focal_length&quot;:&quot;0&quot;,&quot;iso&quot;:&quot;0&quot;,&quot;shutter_speed&quot;:&quot;0&quot;,&quot;title&quot;:&quot;&quot;,&quot;orientation&quot;:&quot;0&quot;}\" data-image-title=\"LIBRA FOTO GUILLERMO CAPELL\u00c1N PARA CARTA\" data-image-description=\"\" data-image-caption=\"\" data-medium-file=\"https:\/\/saltanoticiassalta.org\/wp-content\/uploads\/2019\/12\/LIBRA-FOTO-GUILLERMO-CAPELL\u00c1N-PARA-CARTA-225x300.jpg\" data-large-file=\"https:\/\/saltanoticiassalta.org\/wp-content\/uploads\/2019\/12\/LIBRA-FOTO-GUILLERMO-CAPELL\u00c1N-PARA-CARTA.jpg\" class=\"alignnone size-medium wp-image-1365 aligncenter\" src=\"http:\/\/saltanoticiassalta.org\/wp-content\/uploads\/2019\/12\/LIBRA-FOTO-GUILLERMO-CAPELL\u00c1N-PARA-CARTA-225x300.jpg\" alt=\"\" width=\"225\" height=\"300\" srcset=\"https:\/\/saltanoticiassalta.org\/wp-content\/uploads\/2019\/12\/LIBRA-FOTO-GUILLERMO-CAPELL\u00c1N-PARA-CARTA-225x300.jpg 225w, https:\/\/saltanoticiassalta.org\/wp-content\/uploads\/2019\/12\/LIBRA-FOTO-GUILLERMO-CAPELL\u00c1N-PARA-CARTA.jpg 485w\" sizes=\"auto, (max-width: 225px) 100vw, 225px\" \/><\/span><\/em><\/span><\/figure>\n<div class=\"elementor-image-box-content\" style=\"text-align: center;\">\n<h2 class=\"elementor-image-box-title\"><span style=\"background-color: #ffffff; color: #0000ff;\"><em><span style=\"font-size: 18pt; font-family: 'times new roman', times, serif; background-color: #ffffff;\">Libra<\/span><\/em><\/span><\/h2>\n<\/div>\n<\/div>\n<\/div>\n<\/div>\n<\/div>\n<\/div>\n<\/div>\n<\/div>\n<\/div>\n<div class=\"elementor-element elementor-element-804e1c2 elementor-widget elementor-widget-text-editor\" data-id=\"804e1c2\" data-element_type=\"widget\" data-e-type=\"widget\" data-widget_type=\"text-editor.default\">\n<div class=\"elementor-widget-container\">\n<p><span style=\"background-color: #ffffff; color: #0000ff;\"><em><span style=\"font-size: 18pt; font-family: 'times new roman', times, serif; background-color: #ffffff;\"><strong>En el amor:<\/strong>\u00a0La armon\u00eda y el equilibrio marcan tu jornada sentimental en este inicio de mes. Con tu pareja, es un d\u00eda perfecto para buscar puntos en com\u00fan y resolver cualquier peque\u00f1a diferencia con diplomacia y cari\u00f1o. Si est\u00e1s soltero, tu encanto natural y tu elegancia al comunicarte atraer\u00e1n a personas interesadas en relaciones equilibradas. El arte y la cultura ser\u00e1n escenarios ideales para encontrar una conexi\u00f3n especial hoy.<\/span><\/em><\/span><\/p>\n<p><span style=\"background-color: #ffffff; color: #0000ff;\"><em><span style=\"font-size: 18pt; font-family: 'times new roman', times, serif; background-color: #ffffff;\"><strong>En el trabajo:<\/strong>\u00a0Tu habilidad para mediar y colaborar con otros ser\u00e1 tu mayor activo en el \u00e1mbito profesional. Es un buen momento para establecer alianzas estrat\u00e9gicas o para negociar t\u00e9rminos que beneficien a todas las partes involucradas. Tu juicio est\u00e9tico te ayudar\u00e1 a mejorar la presentaci\u00f3n de tus proyectos, d\u00e1ndoles un toque de distinci\u00f3n que ser\u00e1 muy apreciado por tus clientes. Busca el equilibrio entre el dise\u00f1o y la funcionalidad.<\/span><\/em><\/span><\/p>\n<p><span style=\"background-color: #ffffff; color: #0000ff;\"><em><span style=\"font-size: 18pt; font-family: 'times new roman', times, serif; background-color: #ffffff;\"><strong>Bienestar:<\/strong>\u00a0El bienestar hoy se encuentra en la moderaci\u00f3n y en el cuidado de tus ri\u00f1ones a trav\u00e9s de una buena hidrataci\u00f3n. Rodearte de belleza y m\u00fasica suave te ayudar\u00e1 a mantener tu equilibrio mental frente a las exigencias diarias. Practica actividades que involucren el balance f\u00edsico para alinear tu cuerpo y mente. Evita las discusiones innecesarias que puedan alterar tu paz interna y tu armon\u00eda personal.<\/span><\/em><\/span><\/p>\n<p><span style=\"background-color: #ffffff; color: #0000ff;\"><em><span style=\"font-size: 18pt; font-family: 'times new roman', times, serif; background-color: #ffffff;\"><strong>Tu consejo de hoy:<\/strong>\u00a0La belleza de la vida reside en el equilibrio perfecto entre dar y recibir con el coraz\u00f3n abierto y generoso.<\/span><\/em><\/span><\/p>\n<p><span style=\"background-color: #ffffff; color: #0000ff;\"><em><span style=\"font-size: 18pt; font-family: 'times new roman', times, serif; background-color: #ffffff;\">Tus n\u00fameros de la suerte son 06 y 33 y cuentas con una afinidad m\u00e1gica con G\u00e9minis.<\/span><\/em><\/span><\/p>\n<\/div>\n<\/div>\n<div class=\"elementor-element elementor-element-d6ea970 elementor-widget elementor-widget-shortcode\" data-id=\"d6ea970\" data-element_type=\"widget\" data-e-type=\"widget\" data-widget_type=\"shortcode.default\">\n<div class=\"elementor-widget-container\">\n<div class=\"elementor-shortcode\">\n<div class=\"elementor elementor-4670\" data-elementor-type=\"container\" data-elementor-id=\"4670\" data-elementor-post-type=\"elementor_library\">\n<div id=\"escorpio\" class=\"elementor-element elementor-element-6b42732d e-con-full e-flex e-con e-child\" data-id=\"6b42732d\" data-element_type=\"container\" data-e-type=\"container\">\n<div class=\"elementor-element elementor-element-fc03bc6 elementor-position-left elementor-position-left elementor-vertical-align-middle elementor-widget elementor-widget-image-box\" data-id=\"fc03bc6\" data-element_type=\"widget\" data-e-type=\"widget\" data-widget_type=\"image-box.default\">\n<div class=\"elementor-widget-container\">\n<div class=\"elementor-image-box-wrapper\">\n<figure class=\"elementor-image-box-img\"><span style=\"background-color: #ffffff; color: #0000ff;\"><em><span style=\"font-size: 18pt; font-family: 'times new roman', times, serif; background-color: #ffffff;\"><img loading=\"lazy\" decoding=\"async\" data-attachment-id=\"414\" data-permalink=\"https:\/\/saltanoticiassalta.org\/?attachment_id=414\" data-orig-file=\"https:\/\/saltanoticiassalta.org\/wp-content\/uploads\/2019\/01\/ESCORPIO-FOTO-GUILLERMO-CAPELLAN-PARA-CARTA.jpg\" data-orig-size=\"450,613\" data-comments-opened=\"1\" data-image-meta=\"{&quot;aperture&quot;:&quot;0&quot;,&quot;credit&quot;:&quot;&quot;,&quot;camera&quot;:&quot;&quot;,&quot;caption&quot;:&quot;&quot;,&quot;created_timestamp&quot;:&quot;0&quot;,&quot;copyright&quot;:&quot;&quot;,&quot;focal_length&quot;:&quot;0&quot;,&quot;iso&quot;:&quot;0&quot;,&quot;shutter_speed&quot;:&quot;0&quot;,&quot;title&quot;:&quot;&quot;,&quot;orientation&quot;:&quot;0&quot;}\" data-image-title=\"ESCORPIO FOTO GUILLERMO CAPELLAN PARA CARTA\" data-image-description=\"\" data-image-caption=\"\" data-medium-file=\"https:\/\/saltanoticiassalta.org\/wp-content\/uploads\/2019\/01\/ESCORPIO-FOTO-GUILLERMO-CAPELLAN-PARA-CARTA-220x300.jpg\" data-large-file=\"https:\/\/saltanoticiassalta.org\/wp-content\/uploads\/2019\/01\/ESCORPIO-FOTO-GUILLERMO-CAPELLAN-PARA-CARTA.jpg\" class=\"alignnone size-medium wp-image-414 aligncenter\" src=\"http:\/\/saltanoticiassalta.org\/wp-content\/uploads\/2019\/01\/ESCORPIO-FOTO-GUILLERMO-CAPELLAN-PARA-CARTA-220x300.jpg\" alt=\"\" width=\"220\" height=\"300\" srcset=\"https:\/\/saltanoticiassalta.org\/wp-content\/uploads\/2019\/01\/ESCORPIO-FOTO-GUILLERMO-CAPELLAN-PARA-CARTA-220x300.jpg 220w, https:\/\/saltanoticiassalta.org\/wp-content\/uploads\/2019\/01\/ESCORPIO-FOTO-GUILLERMO-CAPELLAN-PARA-CARTA.jpg 450w\" sizes=\"auto, (max-width: 220px) 100vw, 220px\" \/><\/span><\/em><\/span><\/figure>\n<div class=\"elementor-image-box-content\" style=\"text-align: center;\">\n<h2 class=\"elementor-image-box-title\"><span style=\"background-color: #ffffff; color: #0000ff;\"><em><span style=\"font-size: 18pt; font-family: 'times new roman', times, serif; background-color: #ffffff;\">Escorpio<\/span><\/em><\/span><\/h2>\n<\/div>\n<\/div>\n<\/div>\n<\/div>\n<\/div>\n<\/div>\n<\/div>\n<\/div>\n<\/div>\n<div class=\"elementor-element elementor-element-b428de2 elementor-widget elementor-widget-text-editor\" data-id=\"b428de2\" data-element_type=\"widget\" data-e-type=\"widget\" data-widget_type=\"text-editor.default\">\n<div class=\"elementor-widget-container\">\n<p><span style=\"background-color: #ffffff; color: #0000ff;\"><em><span style=\"font-size: 18pt; font-family: 'times new roman', times, serif; background-color: #ffffff;\"><strong>En el amor:<\/strong>\u00a0La intensidad y la profundidad emocional marcan tus interacciones afectivas en este viernes de mayo. En la pareja, la lealtad y la entrega mutua fortalecer\u00e1n el v\u00ednculo, permiti\u00e9ndoles superar cualquier obst\u00e1culo con determinaci\u00f3n. Si buscas el amor, tu mirada y tu presencia misteriosa ser\u00e1n magn\u00e9ticas para quienes buscan una conexi\u00f3n aut\u00e9ntica. La pasi\u00f3n ser\u00e1 el motor que impulse tus relaciones hacia nuevos niveles de confianza.<\/span><\/em><\/span><\/p>\n<p><span style=\"background-color: #ffffff; color: #0000ff;\"><em><span style=\"font-size: 18pt; font-family: 'times new roman', times, serif; background-color: #ffffff;\"><strong>En el trabajo:<\/strong>\u00a0Tu capacidad de investigaci\u00f3n y tu enfoque inquebrantable te permitir\u00e1n desentra\u00f1ar problemas t\u00e9cnicos que otros han pasado por alto. Es un momento ideal para trabajar en proyectos que requieran una gran concentraci\u00f3n y un an\u00e1lisis profundo de los datos. Tu intuici\u00f3n te guiar\u00e1 hacia soluciones innovadoras que transformar\u00e1n tu forma de trabajar. No temas a los cambios estructurales; son la clave de tu evoluci\u00f3n profesional.<\/span><\/em><\/span><\/p>\n<p><span style=\"background-color: #ffffff; color: #0000ff;\"><em><span style=\"font-size: 18pt; font-family: 'times new roman', times, serif; background-color: #ffffff;\"><strong>Bienestar:<\/strong>\u00a0Es vital canalizar tu energ\u00eda emocional a trav\u00e9s de una actividad f\u00edsica que te exija disciplina y esfuerzo. El contacto con el agua te brindar\u00e1 una sensaci\u00f3n de purificaci\u00f3n y descanso profundo al final del d\u00eda. Presta atenci\u00f3n a tus necesidades de regeneraci\u00f3n celular a trav\u00e9s de un sue\u00f1o reparador y una alimentaci\u00f3n desintoxicante. El bienestar mental vendr\u00e1 de la mano de la transformaci\u00f3n personal constante.<\/span><\/em><\/span><\/p>\n<p><span style=\"background-color: #ffffff; color: #0000ff;\"><em><span style=\"font-size: 18pt; font-family: 'times new roman', times, serif; background-color: #ffffff;\"><strong>Tu consejo de hoy:<\/strong>\u00a0El verdadero poder reside en tu capacidad de regenerarte y nacer de nuevo ante cada desaf\u00edo que la vida te presenta.<\/span><\/em><\/span><\/p>\n<p><span style=\"background-color: #ffffff; color: #0000ff;\"><em><span style=\"font-size: 18pt; font-family: 'times new roman', times, serif; background-color: #ffffff;\">Tus n\u00fameros de la suerte son 08 y 21 y cuentas con una afinidad m\u00e1gica con C\u00e1ncer.<\/span><\/em><\/span><\/p>\n<\/div>\n<\/div>\n<div class=\"elementor-element elementor-element-6935060 elementor-widget elementor-widget-shortcode\" data-id=\"6935060\" data-element_type=\"widget\" data-e-type=\"widget\" data-widget_type=\"shortcode.default\">\n<div class=\"elementor-widget-container\">\n<div class=\"elementor-shortcode\">\n<div class=\"elementor elementor-4669\" data-elementor-type=\"container\" data-elementor-id=\"4669\" data-elementor-post-type=\"elementor_library\">\n<div id=\"sagitario\" class=\"elementor-element elementor-element-6b42732d e-con-full e-flex e-con e-child\" data-id=\"6b42732d\" data-element_type=\"container\" data-e-type=\"container\">\n<div class=\"elementor-element elementor-element-f0a50e8 elementor-position-left elementor-position-left elementor-vertical-align-middle elementor-widget elementor-widget-image-box\" data-id=\"f0a50e8\" data-element_type=\"widget\" data-e-type=\"widget\" data-widget_type=\"image-box.default\">\n<div class=\"elementor-widget-container\">\n<div class=\"elementor-image-box-wrapper\">\n<figure class=\"elementor-image-box-img\"><span style=\"background-color: #ffffff; color: #0000ff;\"><em><span style=\"font-size: 18pt; font-family: 'times new roman', times, serif; background-color: #ffffff;\"><img loading=\"lazy\" decoding=\"async\" data-attachment-id=\"415\" data-permalink=\"https:\/\/saltanoticiassalta.org\/?attachment_id=415\" data-orig-file=\"https:\/\/saltanoticiassalta.org\/wp-content\/uploads\/2019\/01\/SAGITARIO-FOTO-GUILLERMO-CAPELL\u00c1N-PARA.jpg\" data-orig-size=\"1181,1678\" data-comments-opened=\"1\" data-image-meta=\"{&quot;aperture&quot;:&quot;0&quot;,&quot;credit&quot;:&quot;&quot;,&quot;camera&quot;:&quot;&quot;,&quot;caption&quot;:&quot;&quot;,&quot;created_timestamp&quot;:&quot;0&quot;,&quot;copyright&quot;:&quot;&quot;,&quot;focal_length&quot;:&quot;0&quot;,&quot;iso&quot;:&quot;0&quot;,&quot;shutter_speed&quot;:&quot;0&quot;,&quot;title&quot;:&quot;&quot;,&quot;orientation&quot;:&quot;0&quot;}\" data-image-title=\"SAGITARIO FOTO GUILLERMO CAPELL\u00c1N PARA\" data-image-description=\"\" data-image-caption=\"\" data-medium-file=\"https:\/\/saltanoticiassalta.org\/wp-content\/uploads\/2019\/01\/SAGITARIO-FOTO-GUILLERMO-CAPELL\u00c1N-PARA-211x300.jpg\" data-large-file=\"https:\/\/saltanoticiassalta.org\/wp-content\/uploads\/2019\/01\/SAGITARIO-FOTO-GUILLERMO-CAPELL\u00c1N-PARA-721x1024.jpg\" class=\"alignnone size-medium wp-image-415 aligncenter\" src=\"http:\/\/saltanoticiassalta.org\/wp-content\/uploads\/2019\/01\/SAGITARIO-FOTO-GUILLERMO-CAPELL\u00c1N-PARA-211x300.jpg\" alt=\"\" width=\"211\" height=\"300\" srcset=\"https:\/\/saltanoticiassalta.org\/wp-content\/uploads\/2019\/01\/SAGITARIO-FOTO-GUILLERMO-CAPELL\u00c1N-PARA-211x300.jpg 211w, https:\/\/saltanoticiassalta.org\/wp-content\/uploads\/2019\/01\/SAGITARIO-FOTO-GUILLERMO-CAPELL\u00c1N-PARA-768x1091.jpg 768w, https:\/\/saltanoticiassalta.org\/wp-content\/uploads\/2019\/01\/SAGITARIO-FOTO-GUILLERMO-CAPELL\u00c1N-PARA-721x1024.jpg 721w, https:\/\/saltanoticiassalta.org\/wp-content\/uploads\/2019\/01\/SAGITARIO-FOTO-GUILLERMO-CAPELL\u00c1N-PARA.jpg 1181w\" sizes=\"auto, (max-width: 211px) 100vw, 211px\" \/><\/span><\/em><\/span><\/figure>\n<div class=\"elementor-image-box-content\" style=\"text-align: center;\">\n<h2 class=\"elementor-image-box-title\"><span style=\"background-color: #ffffff; color: #0000ff;\"><em><span style=\"font-size: 18pt; font-family: 'times new roman', times, serif; background-color: #ffffff;\">Sagitario<\/span><\/em><\/span><\/h2>\n<\/div>\n<\/div>\n<\/div>\n<\/div>\n<\/div>\n<\/div>\n<\/div>\n<\/div>\n<\/div>\n<div class=\"elementor-element elementor-element-48d0838 elementor-widget elementor-widget-text-editor\" data-id=\"48d0838\" data-element_type=\"widget\" data-e-type=\"widget\" data-widget_type=\"text-editor.default\">\n<div class=\"elementor-widget-container\">\n<p><span style=\"background-color: #ffffff; color: #0000ff;\"><em><span style=\"font-size: 18pt; font-family: 'times new roman', times, serif; background-color: #ffffff;\"><strong>En el amor:<\/strong>\u00a0Tu optimismo y tus ganas de aventura contagian a tus seres queridos en este inicio de mes. Con tu pareja, planear una actividad que los saque de la rutina ser\u00e1 revitalizante y fortalecer\u00e1 la complicidad mutua. Si est\u00e1s soltero, tu alegr\u00eda y tu visi\u00f3n expansiva atraer\u00e1n a personas que buscan vivir la vida con la misma intensidad. El amor podr\u00eda aparecer en un entorno relacionado con el aprendizaje o el extranjero.<\/span><\/em><\/span><\/p>\n<p><span style=\"background-color: #ffffff; color: #0000ff;\"><em><span style=\"font-size: 18pt; font-family: 'times new roman', times, serif; background-color: #ffffff;\"><strong>En el trabajo:<\/strong>\u00a0Tienes una visi\u00f3n clara sobre las metas que quieres alcanzar en este nuevo periodo profesional. Es un excelente d\u00eda para la expansi\u00f3n de tus contactos y para buscar oportunidades en nuevos mercados digitales. Tu entusiasmo ser\u00e1 tu mejor herramienta de venta y persuasi\u00f3n ante posibles colaboradores. Mantente atento a los detalles t\u00e9cnicos para que tu visi\u00f3n se traduzca en resultados s\u00f3lidos y duraderos.<\/span><\/em><\/span><\/p>\n<p><span style=\"background-color: #ffffff; color: #0000ff;\"><em><span style=\"font-size: 18pt; font-family: 'times new roman', times, serif; background-color: #ffffff;\"><strong>Bienestar:<\/strong>\u00a0Necesitas libertad de movimiento para sentirte pleno y saludable durante toda la jornada. Realizar ejercicio al aire libre te devolver\u00e1 la energ\u00eda y despejar\u00e1 tu mente de preocupaciones secundarias. Cuida tus caderas y muslos realizando estiramientos suaves si pasas mucho tiempo sentado. La moderaci\u00f3n en las comidas ser\u00e1 clave para mantener tu vitalidad alta y tu sistema digestivo ligero y eficiente.<\/span><\/em><\/span><\/p>\n<p><span style=\"background-color: #ffffff; color: #0000ff;\"><em><span style=\"font-size: 18pt; font-family: 'times new roman', times, serif; background-color: #ffffff;\"><strong>Tu consejo de hoy:<\/strong>\u00a0Conf\u00eda en tu propia visi\u00f3n; el mundo se abre ante quienes se atreven a explorar nuevos horizontes con valent\u00eda y fe.<\/span><\/em><\/span><\/p>\n<p><span style=\"background-color: #ffffff; color: #0000ff;\"><em><span style=\"font-size: 18pt; font-family: 'times new roman', times, serif; background-color: #ffffff;\">Tus n\u00fameros de la suerte son 03 y 30 y cuentas con una afinidad m\u00e1gica con Aries.<\/span><\/em><\/span><\/p>\n<\/div>\n<\/div>\n<div class=\"elementor-element elementor-element-c151321 elementor-widget elementor-widget-shortcode\" data-id=\"c151321\" data-element_type=\"widget\" data-e-type=\"widget\" data-widget_type=\"shortcode.default\">\n<div class=\"elementor-widget-container\">\n<div class=\"elementor-shortcode\">\n<div class=\"elementor elementor-4668\" data-elementor-type=\"container\" data-elementor-id=\"4668\" data-elementor-post-type=\"elementor_library\">\n<div id=\"capricornio\" class=\"elementor-element elementor-element-6b42732d e-con-full e-flex e-con e-child\" data-id=\"6b42732d\" data-element_type=\"container\" data-e-type=\"container\">\n<div class=\"elementor-element elementor-element-7fd0110 elementor-position-left elementor-position-left elementor-vertical-align-middle elementor-widget elementor-widget-image-box\" data-id=\"7fd0110\" data-element_type=\"widget\" data-e-type=\"widget\" data-widget_type=\"image-box.default\">\n<div class=\"elementor-widget-container\">\n<div class=\"elementor-image-box-wrapper\">\n<figure class=\"elementor-image-box-img\"><span style=\"background-color: #ffffff; color: #0000ff;\"><em><span style=\"font-size: 18pt; font-family: 'times new roman', times, serif; background-color: #ffffff;\"><img loading=\"lazy\" decoding=\"async\" data-attachment-id=\"416\" data-permalink=\"https:\/\/saltanoticiassalta.org\/?attachment_id=416\" data-orig-file=\"https:\/\/saltanoticiassalta.org\/wp-content\/uploads\/2019\/01\/CAPRICORNIO-FOTO-GUILLERMO-CAPELL\u00c1N-PARA-CARTA.jpg\" data-orig-size=\"470,603\" data-comments-opened=\"1\" data-image-meta=\"{&quot;aperture&quot;:&quot;0&quot;,&quot;credit&quot;:&quot;&quot;,&quot;camera&quot;:&quot;&quot;,&quot;caption&quot;:&quot;&quot;,&quot;created_timestamp&quot;:&quot;0&quot;,&quot;copyright&quot;:&quot;&quot;,&quot;focal_length&quot;:&quot;0&quot;,&quot;iso&quot;:&quot;0&quot;,&quot;shutter_speed&quot;:&quot;0&quot;,&quot;title&quot;:&quot;&quot;,&quot;orientation&quot;:&quot;0&quot;}\" data-image-title=\"CAPRICORNIO FOTO GUILLERMO CAPELL\u00c1N PARA CARTA\" data-image-description=\"\" data-image-caption=\"\" data-medium-file=\"https:\/\/saltanoticiassalta.org\/wp-content\/uploads\/2019\/01\/CAPRICORNIO-FOTO-GUILLERMO-CAPELL\u00c1N-PARA-CARTA-234x300.jpg\" data-large-file=\"https:\/\/saltanoticiassalta.org\/wp-content\/uploads\/2019\/01\/CAPRICORNIO-FOTO-GUILLERMO-CAPELL\u00c1N-PARA-CARTA.jpg\" class=\"alignnone size-medium wp-image-416 aligncenter\" src=\"http:\/\/saltanoticiassalta.org\/wp-content\/uploads\/2019\/01\/CAPRICORNIO-FOTO-GUILLERMO-CAPELL\u00c1N-PARA-CARTA-234x300.jpg\" alt=\"\" width=\"234\" height=\"300\" srcset=\"https:\/\/saltanoticiassalta.org\/wp-content\/uploads\/2019\/01\/CAPRICORNIO-FOTO-GUILLERMO-CAPELL\u00c1N-PARA-CARTA-234x300.jpg 234w, https:\/\/saltanoticiassalta.org\/wp-content\/uploads\/2019\/01\/CAPRICORNIO-FOTO-GUILLERMO-CAPELL\u00c1N-PARA-CARTA.jpg 470w\" sizes=\"auto, (max-width: 234px) 100vw, 234px\" \/><\/span><\/em><\/span><\/figure>\n<div class=\"elementor-image-box-content\" style=\"text-align: center;\">\n<h2 class=\"elementor-image-box-title\"><span style=\"background-color: #ffffff; color: #0000ff;\"><em><span style=\"font-size: 18pt; font-family: 'times new roman', times, serif; background-color: #ffffff;\">Capricornio<\/span><\/em><\/span><\/h2>\n<\/div>\n<\/div>\n<\/div>\n<\/div>\n<\/div>\n<\/div>\n<\/div>\n<\/div>\n<\/div>\n<div class=\"elementor-element elementor-element-1fdcf49 elementor-widget elementor-widget-text-editor\" data-id=\"1fdcf49\" data-element_type=\"widget\" data-e-type=\"widget\" data-widget_type=\"text-editor.default\">\n<div class=\"elementor-widget-container\">\n<p><span style=\"background-color: #ffffff; color: #0000ff;\"><em><span style=\"font-size: 18pt; font-family: 'times new roman', times, serif; background-color: #ffffff;\"><strong>En el amor:<\/strong>\u00a0La seriedad y el compromiso son tus mejores aliados en el terreno afectivo hoy. Con tu pareja, demostrar tu apoyo incondicional en sus proyectos personales fortalecer\u00e1 los cimientos de la relaci\u00f3n. Si buscas pareja, te sentir\u00e1s atra\u00eddo por personas que demuestren una gran responsabilidad y metas de vida claras. La estabilidad emocional ser\u00e1 el valor que m\u00e1s buscar\u00e1s proteger y cultivar en este nuevo mes.<\/span><\/em><\/span><\/p>\n<p><span style=\"background-color: #ffffff; color: #0000ff;\"><em><span style=\"font-size: 18pt; font-family: 'times new roman', times, serif; background-color: #ffffff;\"><strong>En el trabajo:<\/strong>\u00a0Es un d\u00eda para consolidar tu posici\u00f3n profesional a trav\u00e9s del trabajo duro y la disciplina constante. Tu capacidad de organizaci\u00f3n te permitir\u00e1 avanzar en proyectos a largo plazo con una seguridad envidiable. Es un momento propicio para establecer los objetivos de mayo y para organizar tus recursos de manera estrat\u00e9gica. Tu autoridad t\u00e9cnica ser\u00e1 reconocida por tus colegas, quienes valorar\u00e1n tu profesionalismo impecable.<\/span><\/em><\/span><\/p>\n<p><span style=\"background-color: #ffffff; color: #0000ff;\"><em><span style=\"font-size: 18pt; font-family: 'times new roman', times, serif; background-color: #ffffff;\"><strong>Bienestar:<\/strong>\u00a0Los huesos y las articulaciones requieren tu atenci\u00f3n; aseg\u00farate de mantener una postura correcta y de no sobrecargarte f\u00edsicamente. El bienestar mental vendr\u00e1 del orden y de ver tus tareas completadas con \u00e9xito. Dedica tiempo a la introspecci\u00f3n silenciosa para recargar tu energ\u00eda interna y soltar la rigidez mental. Un descanso reparador ser\u00e1 fundamental para afrontar los retos que te has propuesto este trimestre.<\/span><\/em><\/span><\/p>\n<p><span style=\"background-color: #ffffff; color: #0000ff;\"><em><span style=\"font-size: 18pt; font-family: 'times new roman', times, serif; background-color: #ffffff;\"><strong>Tu consejo de hoy:<\/strong>\u00a0La constancia es el puente que une tus sue\u00f1os con la realidad tangible. Sigue construyendo con determinaci\u00f3n y paciencia.<\/span><\/em><\/span><\/p>\n<p><span style=\"background-color: #ffffff; color: #0000ff;\"><em><span style=\"font-size: 18pt; font-family: 'times new roman', times, serif; background-color: #ffffff;\">Tus n\u00fameros de la suerte son 10 y 25 y cuentas con una afinidad m\u00e1gica con Tauro.<\/span><\/em><\/span><\/p>\n<\/div>\n<\/div>\n<div class=\"elementor-element elementor-element-a3be639 elementor-widget elementor-widget-shortcode\" data-id=\"a3be639\" data-element_type=\"widget\" data-e-type=\"widget\" data-widget_type=\"shortcode.default\">\n<div class=\"elementor-widget-container\">\n<div class=\"elementor-shortcode\">\n<div class=\"elementor elementor-4672\" data-elementor-type=\"container\" data-elementor-id=\"4672\" data-elementor-post-type=\"elementor_library\">\n<div id=\"acuario\" class=\"elementor-element elementor-element-6b42732d e-con-full e-flex e-con e-child\" data-id=\"6b42732d\" data-element_type=\"container\" data-e-type=\"container\">\n<div class=\"elementor-element elementor-element-fbf6de0 elementor-position-left elementor-position-left elementor-vertical-align-middle elementor-widget elementor-widget-image-box\" data-id=\"fbf6de0\" data-element_type=\"widget\" data-e-type=\"widget\" data-widget_type=\"image-box.default\">\n<div class=\"elementor-widget-container\">\n<div class=\"elementor-image-box-wrapper\">\n<figure class=\"elementor-image-box-img\"><span style=\"background-color: #ffffff; color: #0000ff;\"><em><span style=\"font-size: 18pt; font-family: 'times new roman', times, serif; background-color: #ffffff;\"><img loading=\"lazy\" decoding=\"async\" data-attachment-id=\"417\" data-permalink=\"https:\/\/saltanoticiassalta.org\/?attachment_id=417\" data-orig-file=\"https:\/\/saltanoticiassalta.org\/wp-content\/uploads\/2019\/01\/ACUARIO-FOTO-GUILLERMO-CAPELLAN-PARA-CARTA.jpg\" data-orig-size=\"494,589\" data-comments-opened=\"1\" data-image-meta=\"{&quot;aperture&quot;:&quot;0&quot;,&quot;credit&quot;:&quot;&quot;,&quot;camera&quot;:&quot;&quot;,&quot;caption&quot;:&quot;&quot;,&quot;created_timestamp&quot;:&quot;0&quot;,&quot;copyright&quot;:&quot;&quot;,&quot;focal_length&quot;:&quot;0&quot;,&quot;iso&quot;:&quot;0&quot;,&quot;shutter_speed&quot;:&quot;0&quot;,&quot;title&quot;:&quot;&quot;,&quot;orientation&quot;:&quot;0&quot;}\" data-image-title=\"ACUARIO FOTO GUILLERMO CAPELLAN PARA CARTA\" data-image-description=\"\" data-image-caption=\"\" data-medium-file=\"https:\/\/saltanoticiassalta.org\/wp-content\/uploads\/2019\/01\/ACUARIO-FOTO-GUILLERMO-CAPELLAN-PARA-CARTA-252x300.jpg\" data-large-file=\"https:\/\/saltanoticiassalta.org\/wp-content\/uploads\/2019\/01\/ACUARIO-FOTO-GUILLERMO-CAPELLAN-PARA-CARTA.jpg\" class=\"alignnone size-medium wp-image-417 aligncenter\" src=\"http:\/\/saltanoticiassalta.org\/wp-content\/uploads\/2019\/01\/ACUARIO-FOTO-GUILLERMO-CAPELLAN-PARA-CARTA-252x300.jpg\" alt=\"\" width=\"252\" height=\"300\" srcset=\"https:\/\/saltanoticiassalta.org\/wp-content\/uploads\/2019\/01\/ACUARIO-FOTO-GUILLERMO-CAPELLAN-PARA-CARTA-252x300.jpg 252w, https:\/\/saltanoticiassalta.org\/wp-content\/uploads\/2019\/01\/ACUARIO-FOTO-GUILLERMO-CAPELLAN-PARA-CARTA.jpg 494w\" sizes=\"auto, (max-width: 252px) 100vw, 252px\" \/><\/span><\/em><\/span><\/figure>\n<div class=\"elementor-image-box-content\" style=\"text-align: center;\">\n<h2 class=\"elementor-image-box-title\"><span style=\"background-color: #ffffff; color: #0000ff;\"><em><span style=\"font-size: 18pt; font-family: 'times new roman', times, serif; background-color: #ffffff;\">Acuario<\/span><\/em><\/span><\/h2>\n<\/div>\n<\/div>\n<\/div>\n<\/div>\n<\/div>\n<\/div>\n<\/div>\n<\/div>\n<\/div>\n<div class=\"elementor-element elementor-element-128c138 elementor-widget elementor-widget-text-editor\" data-id=\"128c138\" data-element_type=\"widget\" data-e-type=\"widget\" data-widget_type=\"text-editor.default\">\n<div class=\"elementor-widget-container\">\n<p><span style=\"background-color: #ffffff; color: #0000ff;\"><em><span style=\"font-size: 18pt; font-family: 'times new roman', times, serif; background-color: #ffffff;\"><strong>En el amor:<\/strong>\u00a0Tu originalidad y tu necesidad de independencia marcan tu forma de relacionarte en este inicio de mayo. En la pareja, respetar los espacios individuales ser\u00e1 la clave para una convivencia armoniosa y llena de sorpresas positivas. Si est\u00e1s soltero, una conexi\u00f3n intelectual en un entorno tecnol\u00f3gico o social podr\u00eda despertar un inter\u00e9s especial. Valora la amistad como la base m\u00e1s s\u00f3lida para cualquier romance futuro.<\/span><\/em><\/span><\/p>\n<p><span style=\"background-color: #ffffff; color: #0000ff;\"><em><span style=\"font-size: 18pt; font-family: 'times new roman', times, serif; background-color: #ffffff;\"><strong>En el trabajo:<\/strong>\u00a0Tu creatividad est\u00e1 en un punto \u00e1lgido, permiti\u00e9ndote proponer soluciones innovadoras a problemas t\u00e9cnicos antiguos. Es un excelente d\u00eda para el trabajo en red y para colaborar en proyectos que tengan un componente social o tecnol\u00f3gico disruptivo. Tu visi\u00f3n futurista te permitir\u00e1 anticiparte a las necesidades de tus clientes, d\u00e1ndote una ventaja competitiva notable. No temas destacar por tus ideas inusuales y brillantes.<\/span><\/em><\/span><\/p>\n<p><span style=\"background-color: #ffffff; color: #0000ff;\"><em><span style=\"font-size: 18pt; font-family: 'times new roman', times, serif; background-color: #ffffff;\"><strong>Bienestar:<\/strong>\u00a0El sistema circulatorio requiere tu atenci\u00f3n; evita el sedentarismo y realiza caminatas que activen la circulaci\u00f3n en tus piernas. La salud mental se ver\u00e1 beneficiada por la participaci\u00f3n en actividades grupales que tengan un prop\u00f3sito mayor que el beneficio personal. Mant\u00e9n tu mente abierta a nuevas t\u00e9cnicas de bienestar que involucren la tecnolog\u00eda aplicada a la salud y el equilibrio nervioso.<\/span><\/em><\/span><\/p>\n<p><span style=\"background-color: #ffffff; color: #0000ff;\"><em><span style=\"font-size: 18pt; font-family: 'times new roman', times, serif; background-color: #ffffff;\"><strong>Tu consejo de hoy:<\/strong>\u00a0La verdadera libertad reside en ser fiel a tu propia esencia, incluso cuando el mundo espera algo diferente de ti.<\/span><\/em><\/span><\/p>\n<p><span style=\"background-color: #ffffff; color: #0000ff;\"><em><span style=\"font-size: 18pt; font-family: 'times new roman', times, serif; background-color: #ffffff;\">Tus n\u00fameros de la suerte son 09 y 17 y cuentas con una afinidad m\u00e1gica con G\u00e9minis.<\/span><\/em><\/span><\/p>\n<\/div>\n<\/div>\n<div class=\"elementor-element elementor-element-6a30921 elementor-widget elementor-widget-shortcode\" data-id=\"6a30921\" data-element_type=\"widget\" data-e-type=\"widget\" data-widget_type=\"shortcode.default\">\n<div class=\"elementor-widget-container\">\n<div class=\"elementor-shortcode\">\n<div class=\"elementor elementor-4671\" data-elementor-type=\"container\" data-elementor-id=\"4671\" data-elementor-post-type=\"elementor_library\">\n<div class=\"elementor-element elementor-element-6b42732d e-con-full e-flex e-con e-child\" data-id=\"6b42732d\" data-element_type=\"container\" data-e-type=\"container\">\n<div class=\"elementor-element elementor-element-1e9c30b elementor-position-left elementor-position-left elementor-vertical-align-middle elementor-widget elementor-widget-image-box\" data-id=\"1e9c30b\" data-element_type=\"widget\" data-e-type=\"widget\" data-widget_type=\"image-box.default\">\n<div class=\"elementor-widget-container\">\n<div class=\"elementor-image-box-wrapper\">\n<figure class=\"elementor-image-box-img\"><span style=\"background-color: #ffffff; color: #0000ff;\"><em><span style=\"font-size: 18pt; font-family: 'times new roman', times, serif; background-color: #ffffff;\"><img loading=\"lazy\" decoding=\"async\" data-attachment-id=\"418\" data-permalink=\"https:\/\/saltanoticiassalta.org\/?attachment_id=418\" data-orig-file=\"https:\/\/saltanoticiassalta.org\/wp-content\/uploads\/2019\/01\/PISCIS-FOTO-GUILLERMO-CAPELL\u00c1N-PARA-CARTA.jpg\" data-orig-size=\"450,600\" data-comments-opened=\"1\" data-image-meta=\"{&quot;aperture&quot;:&quot;0&quot;,&quot;credit&quot;:&quot;&quot;,&quot;camera&quot;:&quot;&quot;,&quot;caption&quot;:&quot;&quot;,&quot;created_timestamp&quot;:&quot;0&quot;,&quot;copyright&quot;:&quot;&quot;,&quot;focal_length&quot;:&quot;0&quot;,&quot;iso&quot;:&quot;0&quot;,&quot;shutter_speed&quot;:&quot;0&quot;,&quot;title&quot;:&quot;&quot;,&quot;orientation&quot;:&quot;0&quot;}\" data-image-title=\"PISCIS FOTO GUILLERMO CAPELL\u00c1N PARA CARTA\" data-image-description=\"\" data-image-caption=\"\" data-medium-file=\"https:\/\/saltanoticiassalta.org\/wp-content\/uploads\/2019\/01\/PISCIS-FOTO-GUILLERMO-CAPELL\u00c1N-PARA-CARTA-225x300.jpg\" data-large-file=\"https:\/\/saltanoticiassalta.org\/wp-content\/uploads\/2019\/01\/PISCIS-FOTO-GUILLERMO-CAPELL\u00c1N-PARA-CARTA.jpg\" class=\"alignnone size-medium wp-image-418 aligncenter\" src=\"http:\/\/saltanoticiassalta.org\/wp-content\/uploads\/2019\/01\/PISCIS-FOTO-GUILLERMO-CAPELL\u00c1N-PARA-CARTA-225x300.jpg\" alt=\"\" width=\"225\" height=\"300\" srcset=\"https:\/\/saltanoticiassalta.org\/wp-content\/uploads\/2019\/01\/PISCIS-FOTO-GUILLERMO-CAPELL\u00c1N-PARA-CARTA-225x300.jpg 225w, https:\/\/saltanoticiassalta.org\/wp-content\/uploads\/2019\/01\/PISCIS-FOTO-GUILLERMO-CAPELL\u00c1N-PARA-CARTA.jpg 450w\" sizes=\"auto, (max-width: 225px) 100vw, 225px\" \/><\/span><\/em><\/span><\/figure>\n<div class=\"elementor-image-box-content\" style=\"text-align: center;\">\n<h2 class=\"elementor-image-box-title\"><span style=\"background-color: #ffffff; color: #0000ff;\"><em><span style=\"font-size: 18pt; font-family: 'times new roman', times, serif; background-color: #ffffff;\">Piscis<\/span><\/em><\/span><\/h2>\n<\/div>\n<\/div>\n<\/div>\n<\/div>\n<\/div>\n<\/div>\n<\/div>\n<\/div>\n<\/div>\n<div class=\"elementor-element elementor-element-3e13894 elementor-widget elementor-widget-text-editor\" data-id=\"3e13894\" data-element_type=\"widget\" data-e-type=\"widget\" data-widget_type=\"text-editor.default\">\n<div class=\"elementor-widget-container\">\n<p><span style=\"background-color: #ffffff; color: #0000ff;\"><em><span style=\"font-size: 18pt; font-family: 'times new roman', times, serif; background-color: #ffffff;\"><strong>En el amor:<\/strong>\u00a0Tu sensibilidad y tu capacidad de entrega emocional te envuelven en una atm\u00f3sfera de romance y dulzura hoy. Con tu pareja, la conexi\u00f3n ser\u00e1 casi telep\u00e1tica, permiti\u00e9ndoles entenderse sin necesidad de usar muchas palabras. Si buscas el amor, tu aura de misterio y tu bondad natural atraer\u00e1n a personas que valoran la profundidad de alma. Es un d\u00eda ideal para expresar tus sentimientos a trav\u00e9s de gestos simb\u00f3licos y creativos.<\/span><\/em><\/span><\/p>\n<p><span style=\"background-color: #ffffff; color: #0000ff;\"><em><span style=\"font-size: 18pt; font-family: 'times new roman', times, serif; background-color: #ffffff;\"><strong>En el trabajo:<\/strong>\u00a0Tu intuici\u00f3n ser\u00e1 tu mejor gu\u00eda para navegar por situaciones laborales que requieran una gran sutileza y diplomacia. Es un buen momento para tareas que involucren el dise\u00f1o, la creaci\u00f3n de contenido o la atenci\u00f3n personalizada al cliente. Tu capacidad de adaptaci\u00f3n te permitir\u00e1 manejar cualquier cambio con \u00e9xito y suavidad. Conf\u00eda en tu instinto para los negocios, pues hoy est\u00e1 especialmente afinado y l\u00facido.<\/span><\/em><\/span><\/p>\n<p><span style=\"background-color: #ffffff; color: #0000ff;\"><em><span style=\"font-size: 18pt; font-family: 'times new roman', times, serif; background-color: #ffffff;\"><strong>Bienestar:<\/strong>\u00a0Tus pies y tu sistema linf\u00e1tico necesitan un cuidado especial; un masaje relajante o un ba\u00f1o de sal te ayudar\u00e1n a sentirte m\u00e1s ligero. El descanso cerca de fuentes de agua o en ambientes tranquilos ser\u00e1 sumamente reparador para tu sistema nervioso. La meditaci\u00f3n te ayudar\u00e1 a filtrar las energ\u00edas externas y a mantener tu paz interna en niveles \u00f3ptimos durante toda la jornada de inicio de mes.<\/span><\/em><\/span><\/p>\n<p><span style=\"background-color: #ffffff; color: #0000ff;\"><em><span style=\"font-size: 18pt; font-family: 'times new roman', times, serif; background-color: #ffffff;\"><strong>Tu consejo de hoy:<\/strong>\u00a0Escucha los susurros de tu intuici\u00f3n; son la br\u00fajula m\u00e1s exacta para guiarte hacia la felicidad y la plenitud total.<\/span><\/em><\/span><\/p>\n<p><span style=\"background-color: #ffffff; color: #0000ff;\"><em><span style=\"font-size: 18pt; font-family: 'times new roman', times, serif; background-color: #ffffff;\">Tus n\u00fameros de la suerte son 12 y 31 y cuentas con una afinidad m\u00e1gica con Escorpio.<\/span><\/em><\/span><\/p>\n<\/div>\n<\/div>\n","protected":false},"excerpt":{"rendered":"<p>Aries En el amor:\u00a0Este inicio de mes te impulsa a buscar una conexi\u00f3n m\u00e1s s\u00f3lida&#8230;<\/p>\n","protected":false},"author":1,"featured_media":18011,"comment_status":"open","ping_status":"closed","sticky":false,"template":"","format":"standard","meta":{"jetpack_post_was_ever_published":false,"_jetpack_newsletter_access":"","_jetpack_dont_email_post_to_subs":false,"_jetpack_newsletter_tier_id":0,"_jetpack_memberships_contains_paywalled_content":false,"_jetpack_memberships_contains_paid_content":false,"footnotes":"","jetpack_publicize_message":"","jetpack_publicize_feature_enabled":true,"jetpack_social_post_already_shared":true,"jetpack_social_options":{"image_generator_settings":{"template":"highway","default_image_id":0,"font":"","enabled":false},"version":2}},"categories":[26],"tags":[],"class_list":["post-18190","post","type-post","status-publish","format-standard","has-post-thumbnail","hentry","category-104-9-la-radio-del-guille-guillermo-capellan-saltanoticiassalta-salta-noticias-salta"],"jetpack_publicize_connections":[],"jetpack_featured_media_url":"https:\/\/saltanoticiassalta.org\/wp-content\/uploads\/2026\/03\/ZODIACO-PRUEBA.jpg","jetpack_sharing_enabled":true,"jetpack_likes_enabled":true,"_links":{"self":[{"href":"https:\/\/saltanoticiassalta.org\/index.php?rest_route=\/wp\/v2\/posts\/18190","targetHints":{"allow":["GET"]}}],"collection":[{"href":"https:\/\/saltanoticiassalta.org\/index.php?rest_route=\/wp\/v2\/posts"}],"about":[{"href":"https:\/\/saltanoticiassalta.org\/index.php?rest_route=\/wp\/v2\/types\/post"}],"author":[{"embeddable":true,"href":"https:\/\/saltanoticiassalta.org\/index.php?rest_route=\/wp\/v2\/users\/1"}],"replies":[{"embeddable":true,"href":"https:\/\/saltanoticiassalta.org\/index.php?rest_route=%2Fwp%2Fv2%2Fcomments&post=18190"}],"version-history":[{"count":1,"href":"https:\/\/saltanoticiassalta.org\/index.php?rest_route=\/wp\/v2\/posts\/18190\/revisions"}],"predecessor-version":[{"id":18191,"href":"https:\/\/saltanoticiassalta.org\/index.php?rest_route=\/wp\/v2\/posts\/18190\/revisions\/18191"}],"wp:featuredmedia":[{"embeddable":true,"href":"https:\/\/saltanoticiassalta.org\/index.php?rest_route=\/wp\/v2\/media\/18011"}],"wp:attachment":[{"href":"https:\/\/saltanoticiassalta.org\/index.php?rest_route=%2Fwp%2Fv2%2Fmedia&parent=18190"}],"wp:term":[{"taxonomy":"category","embeddable":true,"href":"https:\/\/saltanoticiassalta.org\/index.php?rest_route=%2Fwp%2Fv2%2Fcategories&post=18190"},{"taxonomy":"post_tag","embeddable":true,"href":"https:\/\/saltanoticiassalta.org\/index.php?rest_route=%2Fwp%2Fv2%2Ftags&post=18190"}],"curies":[{"name":"wp","href":"https:\/\/api.w.org\/{rel}","templated":true}]}}