{"id":17844,"date":"2026-03-16T12:23:52","date_gmt":"2026-03-16T15:23:52","guid":{"rendered":"https:\/\/saltanoticiassalta.org\/?p=17844"},"modified":"2026-03-16T12:37:30","modified_gmt":"2026-03-16T15:37:30","slug":"dr-mario-ortiz-rovirosa-medico-psiquiatra-psicoanalista-mexicano-en-visita-privada-en-salta","status":"publish","type":"post","link":"https:\/\/saltanoticiassalta.org\/?p=17844","title":{"rendered":"Dr. Mario Ortiz Rovirosa, m\u00e9dico psiquiatra psicoanalista mexicano en visita privada en Salta"},"content":{"rendered":"<div class=\"Y3BBE\" data-sfc-cp=\"\" data-sfc-cb=\"\" data-hveid=\"CAEIBRAA\" data-complete=\"true\" data-processed=\"true\"><span style=\"font-size: 14pt;\"><strong class=\"Yjhzub\" data-sfc-cb=\"\" data-complete=\"true\" data-processed=\"true\">Dr. Mario Ortiz Rovirosa<\/strong>, reconocido m\u00e9dico psiquiatra originario de Veracruz, M\u00e9xico. Acad\u00e9mico y profesional de destacada trayectoria en el \u00e1mbito de la salud mental, el psicoan\u00e1lisis y la terapia familiar se encuentra en Salta Capital para recorrer la provincia. Una trayectoria dedicado a la salud mental, el Dr. Ortiz Rovirosa cuenta con un s\u00f3lido respaldo acad\u00e9mico y cl\u00ednico que lo posiciona como un referente en su natal Veracruz y a nivel internacional. Entre los hitos de su trayectoria profesional destacan:<\/span><\/div>\n<div style=\"text-align: center;\" data-sfc-cp=\"\" data-sfc-cb=\"\" data-hveid=\"CAEIBRAA\" data-complete=\"true\" data-processed=\"true\"><span style=\"font-size: 14pt;\"><img decoding=\"async\" src=\"https:\/\/www.uv.mx\/prensa\/files\/2019\/12\/091219-Destacada-UV-America-Economia-100k.jpg\" alt=\"UV mejor\u00f3 posiciones en clasificaci\u00f3n internacional de QS \u2013 Universo \u2013 Sistema de noticias de la UV\" \/><\/span><\/div>\n<ul class=\"KsbFXc U6u95\" data-sfc-cb=\"\" data-complete=\"true\" data-processed=\"true\">\n<li class=\"dF3vjf\" data-sfc-cb=\"\" data-hveid=\"CAEICBAA\" data-complete=\"true\" data-sae=\"\"><span class=\"T286Pc\" style=\"font-size: 14pt;\" data-sfc-cp=\"\" data-sfc-cb=\"\" data-complete=\"true\"><strong class=\"Yjhzub\" data-sfc-cb=\"\" data-complete=\"true\">Formaci\u00f3n Acad\u00e9mica<\/strong>: Es M\u00e9dico Cirujano egresado de la\u00a0<strong class=\"Yjhzub\" data-sfc-cb=\"\" data-complete=\"true\"><a class=\"H23r4e\" href=\"https:\/\/www.facebook.com\/100063678425131\/?locale=ku_TR\" target=\"_blank\" rel=\"noopener\" data-hveid=\"CAEICBAB\">Universidad Veracruzana<\/a><\/strong>, una de las instituciones de salud m\u00e1s prestigiosas de M\u00e9xico.<\/span><\/li>\n<li class=\"dF3vjf\" data-sfc-cb=\"\" data-hveid=\"CAEICBAC\" data-complete=\"true\" data-sae=\"\"><span class=\"T286Pc\" style=\"font-size: 14pt;\" data-sfc-cp=\"\" data-sfc-cb=\"\" data-complete=\"true\"><strong class=\"Yjhzub\" data-sfc-cb=\"\" data-complete=\"true\">Especializaci\u00f3n<\/strong>: Posee la especialidad en\u00a0<strong class=\"Yjhzub\" data-sfc-cb=\"\" data-complete=\"true\">Psiquiatr\u00eda<\/strong>, complementada con una profunda formaci\u00f3n como\u00a0<strong class=\"Yjhzub\" data-sfc-cb=\"\" data-complete=\"true\">Psicoanalista<\/strong>.<\/span><\/li>\n<li class=\"dF3vjf\" data-sfc-cb=\"\" data-hveid=\"CAEICBAD\" data-complete=\"true\" data-sae=\"\"><span class=\"T286Pc\" style=\"font-size: 14pt;\" data-sfc-cp=\"\" data-sfc-cb=\"\" data-complete=\"true\"><strong class=\"Yjhzub\" data-sfc-cb=\"\" data-complete=\"true\">Enfoque Cl\u00ednico<\/strong>: Se ha especializado en la\u00a0<strong class=\"Yjhzub\" data-sfc-cb=\"\" data-complete=\"true\">Psicoterapia de pareja y familia<\/strong>, abordando din\u00e1micas complejas desde una perspectiva integral.<\/span><\/li>\n<li class=\"dF3vjf\" data-sfc-cb=\"\" data-hveid=\"CAEICBAE\" data-complete=\"true\" data-sae=\"\"><span style=\"font-size: 14pt;\"><span class=\"T286Pc\" data-sfc-cp=\"\" data-sfc-cb=\"\" data-complete=\"true\"><strong class=\"Yjhzub\" data-sfc-cb=\"\" data-complete=\"true\">Divulgaci\u00f3n y \u00c9tica<\/strong>: Es un activo comunicador en temas de salud mental, tratando problem\u00e1ticas contempor\u00e1neas como la insatisfacci\u00f3n infantil, los desaf\u00edos de la crianza en familias ensambladas y la \u00e9tica profesional en el trato con pacientes.<\/span><span class=\"uJ19be notranslate\" data-wiz-uids=\"R7Icne_1l,R7Icne_1m\" data-sfc-cb=\"\" data-complete=\"true\"><span class=\"vKEkVd\" data-animation-atomic=\"\" data-wiz-attrbind=\"class=R7Icne_1k\/TKHnVd\" data-sae=\"\"><span aria-hidden=\"true\">\u00a0<\/span><\/span><\/span><\/span><\/li>\n<\/ul>\n<div class=\"otQkpb\" style=\"text-align: center;\" role=\"heading\" aria-level=\"3\" data-animation-nesting=\"\" data-sfc-cp=\"\" data-sfc-cb=\"\" data-complete=\"true\" data-processed=\"true\" data-sae=\"\"><span style=\"font-size: 14pt;\"><img loading=\"lazy\" decoding=\"async\" class=\"\" src=\"https:\/\/encrypted-tbn0.gstatic.com\/images?q=tbn:ANd9GcSDQ8qqTE8S3R3QM7yaKfZsR6G4i1E8ElvXmA&amp;s\" alt=\"Dr. Mario Ortiz Rovirosa\" width=\"411\" height=\"411\" \/><\/span><\/div>\n<div style=\"text-align: center;\" role=\"heading\" aria-level=\"3\" data-animation-nesting=\"\" data-sfc-cp=\"\" data-sfc-cb=\"\" data-complete=\"true\" data-processed=\"true\" data-sae=\"\"><\/div>\n<div class=\"otQkpb\" role=\"heading\" aria-level=\"3\" data-animation-nesting=\"\" data-sfc-cp=\"\" data-sfc-cb=\"\" data-complete=\"true\" data-processed=\"true\" data-sae=\"\"><span style=\"font-size: 14pt;\">Su pr\u00e1ctica cl\u00ednica en <strong class=\"Yjhzub\" data-sfc-cb=\"\" data-complete=\"true\" data-processed=\"true\">Boca del R\u00edo, Veracruz<\/strong>, le ha permitido desarrollar una visi\u00f3n humanista que ahora comparte con los profesionales de los Estados Unidos Mexicanos.<\/span><\/div>\n<div style=\"text-align: center;\" role=\"heading\" aria-level=\"3\" data-animation-nesting=\"\" data-sfc-cp=\"\" data-sfc-cb=\"\" data-complete=\"true\" data-processed=\"true\" data-sae=\"\"><span style=\"font-size: 14pt;\"><img loading=\"lazy\" decoding=\"async\" class=\"\" src=\"https:\/\/encrypted-tbn0.gstatic.com\/images?q=tbn:ANd9GcTMGwzsiTNNPRJghhTVW5e1uGdbrpMj0ig7RA&amp;s\" alt=\"\u25b7 Los 13 Mejores Lugares Tur\u00edsticos De Boca Del R\u00edo Veracruz\" width=\"486\" height=\"298\" \/><\/span><\/div>\n<div class=\"Y3BBE\" data-sfc-cp=\"\" data-sfc-cb=\"\" data-hveid=\"CAEICxAA\" data-complete=\"true\" data-processed=\"true\"><\/div>\n<div data-sfc-cp=\"\" data-sfc-cb=\"\" data-hveid=\"CAEICxAA\" data-complete=\"true\" data-processed=\"true\">\n<div class=\"otQkpb\" role=\"heading\" aria-level=\"3\" data-animation-nesting=\"\" data-sfc-cp=\"\" data-sfc-cb=\"\" data-complete=\"true\" data-processed=\"true\" data-sae=\"\"><span style=\"font-size: 14pt;\">La visita del Dr. Ortiz Rovirosa a la Ciudad Gaucha y sus motivos sorprendieron a m\u00e1s de uno porque, el destacado profesional del Psicoan\u00e1lis en M\u00e9xico, vino a conocer al exConcejal Guillermo Capell\u00e1n uno de los personajes m\u00e1s conocidos de la pol\u00edtica y de los medios salte\u00f1os.<\/span><\/div>\n<div style=\"text-align: center;\" role=\"heading\" aria-level=\"3\" data-animation-nesting=\"\" data-sfc-cp=\"\" data-sfc-cb=\"\" data-complete=\"true\" data-processed=\"true\" data-sae=\"\"><span style=\"font-size: 14pt;\"><img loading=\"lazy\" decoding=\"async\" data-attachment-id=\"17529\" data-permalink=\"https:\/\/saltanoticiassalta.org\/?attachment_id=17529\" data-orig-file=\"https:\/\/saltanoticiassalta.org\/wp-content\/uploads\/2026\/02\/cropped-cropped-cropped-cropped-WhatsApp-Image-2025-12-23-at-12.24.29.jpeg\" data-orig-size=\"1900,978\" data-comments-opened=\"1\" data-image-meta=\"{&quot;aperture&quot;:&quot;0&quot;,&quot;credit&quot;:&quot;&quot;,&quot;camera&quot;:&quot;&quot;,&quot;caption&quot;:&quot;&quot;,&quot;created_timestamp&quot;:&quot;0&quot;,&quot;copyright&quot;:&quot;&quot;,&quot;focal_length&quot;:&quot;0&quot;,&quot;iso&quot;:&quot;0&quot;,&quot;shutter_speed&quot;:&quot;0&quot;,&quot;title&quot;:&quot;&quot;,&quot;orientation&quot;:&quot;0&quot;}\" data-image-title=\"104.p fm\" data-image-description=\"&lt;p&gt;http:\/\/saltanoticiassalta.org\/wp-content\/uploads\/2026\/02\/cropped-WhatsApp-Image-2025-12-23-at-12.24.29.jpeg&lt;\/p&gt;\n\" data-image-caption=\"\" data-medium-file=\"https:\/\/saltanoticiassalta.org\/wp-content\/uploads\/2026\/02\/cropped-cropped-cropped-cropped-WhatsApp-Image-2025-12-23-at-12.24.29-300x154.jpeg\" data-large-file=\"https:\/\/saltanoticiassalta.org\/wp-content\/uploads\/2026\/02\/cropped-cropped-cropped-cropped-WhatsApp-Image-2025-12-23-at-12.24.29-960x494.jpeg\" class=\"alignnone wp-image-17529\" src=\"http:\/\/saltanoticiassalta.org\/wp-content\/uploads\/2026\/02\/cropped-cropped-cropped-cropped-WhatsApp-Image-2025-12-23-at-12.24.29-300x154.jpeg\" alt=\"\" width=\"477\" height=\"245\" srcset=\"https:\/\/saltanoticiassalta.org\/wp-content\/uploads\/2026\/02\/cropped-cropped-cropped-cropped-WhatsApp-Image-2025-12-23-at-12.24.29-300x154.jpeg 300w, https:\/\/saltanoticiassalta.org\/wp-content\/uploads\/2026\/02\/cropped-cropped-cropped-cropped-WhatsApp-Image-2025-12-23-at-12.24.29-960x494.jpeg 960w, https:\/\/saltanoticiassalta.org\/wp-content\/uploads\/2026\/02\/cropped-cropped-cropped-cropped-WhatsApp-Image-2025-12-23-at-12.24.29-768x395.jpeg 768w, https:\/\/saltanoticiassalta.org\/wp-content\/uploads\/2026\/02\/cropped-cropped-cropped-cropped-WhatsApp-Image-2025-12-23-at-12.24.29-1536x791.jpeg 1536w, https:\/\/saltanoticiassalta.org\/wp-content\/uploads\/2026\/02\/cropped-cropped-cropped-cropped-WhatsApp-Image-2025-12-23-at-12.24.29-1024x527.jpeg 1024w, https:\/\/saltanoticiassalta.org\/wp-content\/uploads\/2026\/02\/cropped-cropped-cropped-cropped-WhatsApp-Image-2025-12-23-at-12.24.29.jpeg 1900w\" sizes=\"auto, (max-width: 477px) 100vw, 477px\" \/><\/span><\/div>\n<div style=\"text-align: center;\" role=\"heading\" aria-level=\"3\" data-animation-nesting=\"\" data-sfc-cp=\"\" data-sfc-cb=\"\" data-complete=\"true\" data-processed=\"true\" data-sae=\"\"><\/div>\n<div class=\"otQkpb\" role=\"heading\" aria-level=\"3\" data-animation-nesting=\"\" data-sfc-cp=\"\" data-sfc-cb=\"\" data-complete=\"true\" data-processed=\"true\" data-sae=\"\"><span style=\"font-size: 14pt;\">El Guille y el\u00a0 Psicoanal\u00edsta azteca platicar\u00e1n durante un almuerzo en un Restaurant c\u00e9ntrico de esta ciudad. En la tarde, compartir\u00e1n una charla por Streaming en la Emisora 104.9, en Cerro Aracar (808) del Barrio Valle Hermoso de San Luis de la Ciudad de Salta.\u00a0<\/span><\/div>\n<div style=\"text-align: center;\" role=\"heading\" aria-level=\"3\" data-animation-nesting=\"\" data-sfc-cp=\"\" data-sfc-cb=\"\" data-complete=\"true\" data-processed=\"true\" data-sae=\"\"><\/div>\n<\/div>\n<div class=\"Fsg96\" data-sfc-cp=\"\" data-sfc-cb=\"\" data-complete=\"true\" data-processed=\"true\"><\/div>\n<hr class=\"j3tEEe\" data-sfc-pl=\"|[]\" data-sfc-cb=\"\" data-complete=\"true\" data-processed=\"true\" data-sae=\"\" \/>\n","protected":false},"excerpt":{"rendered":"<p>Dr. Mario Ortiz Rovirosa, reconocido m\u00e9dico psiquiatra originario de Veracruz, M\u00e9xico. Acad\u00e9mico y profesional de&#8230;<\/p>\n","protected":false},"author":1,"featured_media":17848,"comment_status":"open","ping_status":"closed","sticky":false,"template":"","format":"standard","meta":{"jetpack_post_was_ever_published":false,"_jetpack_newsletter_access":"","_jetpack_dont_email_post_to_subs":false,"_jetpack_newsletter_tier_id":0,"_jetpack_memberships_contains_paywalled_content":false,"_jetpack_memberships_contains_paid_content":false,"footnotes":"","jetpack_publicize_message":"","jetpack_publicize_feature_enabled":true,"jetpack_social_post_already_shared":true,"jetpack_social_options":{"image_generator_settings":{"template":"highway","default_image_id":0,"font":"","enabled":false},"version":2}},"categories":[444],"tags":[],"class_list":["post-17844","post","type-post","status-publish","format-standard","has-post-thumbnail","hentry","category-sociedad"],"jetpack_publicize_connections":[],"jetpack_featured_media_url":"https:\/\/saltanoticiassalta.org\/wp-content\/uploads\/2026\/03\/MARIO-ORTIZ.jpg","jetpack_sharing_enabled":true,"jetpack_likes_enabled":true,"_links":{"self":[{"href":"https:\/\/saltanoticiassalta.org\/index.php?rest_route=\/wp\/v2\/posts\/17844","targetHints":{"allow":["GET"]}}],"collection":[{"href":"https:\/\/saltanoticiassalta.org\/index.php?rest_route=\/wp\/v2\/posts"}],"about":[{"href":"https:\/\/saltanoticiassalta.org\/index.php?rest_route=\/wp\/v2\/types\/post"}],"author":[{"embeddable":true,"href":"https:\/\/saltanoticiassalta.org\/index.php?rest_route=\/wp\/v2\/users\/1"}],"replies":[{"embeddable":true,"href":"https:\/\/saltanoticiassalta.org\/index.php?rest_route=%2Fwp%2Fv2%2Fcomments&post=17844"}],"version-history":[{"count":1,"href":"https:\/\/saltanoticiassalta.org\/index.php?rest_route=\/wp\/v2\/posts\/17844\/revisions"}],"predecessor-version":[{"id":17846,"href":"https:\/\/saltanoticiassalta.org\/index.php?rest_route=\/wp\/v2\/posts\/17844\/revisions\/17846"}],"wp:featuredmedia":[{"embeddable":true,"href":"https:\/\/saltanoticiassalta.org\/index.php?rest_route=\/wp\/v2\/media\/17848"}],"wp:attachment":[{"href":"https:\/\/saltanoticiassalta.org\/index.php?rest_route=%2Fwp%2Fv2%2Fmedia&parent=17844"}],"wp:term":[{"taxonomy":"category","embeddable":true,"href":"https:\/\/saltanoticiassalta.org\/index.php?rest_route=%2Fwp%2Fv2%2Fcategories&post=17844"},{"taxonomy":"post_tag","embeddable":true,"href":"https:\/\/saltanoticiassalta.org\/index.php?rest_route=%2Fwp%2Fv2%2Ftags&post=17844"}],"curies":[{"name":"wp","href":"https:\/\/api.w.org\/{rel}","templated":true}]}}