{"id":17821,"date":"2026-03-14T17:44:59","date_gmt":"2026-03-14T20:44:59","guid":{"rendered":"https:\/\/saltanoticiassalta.org\/?p=17821"},"modified":"2026-03-14T18:01:42","modified_gmt":"2026-03-14T21:01:42","slug":"exconcejal-guillermo-capellan-exhorta-al-rey-exgobernador-de-salta-juan-carlos-romero-a-aceptar-la-historia","status":"publish","type":"post","link":"https:\/\/saltanoticiassalta.org\/?p=17821","title":{"rendered":"Exconcejal Guillermo Capell\u00e1n exhorta al Rey ExGobernador de Salta Juan Carlos Romero a aceptar la Historia"},"content":{"rendered":"<div class=\"jetpack-video-wrapper\"><span class=\"embed-youtube\" style=\"text-align:center; display: block;\"><iframe loading=\"lazy\" class=\"youtube-player\" width=\"640\" height=\"360\" src=\"https:\/\/www.youtube.com\/embed\/SLptPrwW3zw?version=3&#038;rel=1&#038;showsearch=0&#038;showinfo=1&#038;iv_load_policy=1&#038;fs=1&#038;hl=es-AR&#038;autohide=2&#038;wmode=transparent\" allowfullscreen=\"true\" style=\"border:0;\" sandbox=\"allow-scripts allow-same-origin allow-popups allow-presentation allow-popups-to-escape-sandbox\"><\/iframe><\/span><\/div>\n<p><span style=\"font-size: 18pt;\">Guillermo Capell\u00e1n, exconcejal peronista, que fue destituido por el Gobierno Municipal del Exintendente Municipal Alejandro San Mill\u00e1n mediante una trama medi\u00e1tica, judicial y pol\u00edtica, acu\u00f1\u00f3 durante 20 a\u00f1os una frase celebre &#8220;los cobardes perdonan, no yo&#8221;.<\/span><\/p>\n<p style=\"text-align: center;\"><img loading=\"lazy\" decoding=\"async\" data-attachment-id=\"17790\" data-permalink=\"https:\/\/saltanoticiassalta.org\/?attachment_id=17790\" data-orig-file=\"https:\/\/saltanoticiassalta.org\/wp-content\/uploads\/2026\/03\/El-Ciudadano-Guille-y-Roemro-2.jpg\" data-orig-size=\"298,190\" data-comments-opened=\"1\" data-image-meta=\"{&quot;aperture&quot;:&quot;0&quot;,&quot;credit&quot;:&quot;&quot;,&quot;camera&quot;:&quot;&quot;,&quot;caption&quot;:&quot;&quot;,&quot;created_timestamp&quot;:&quot;0&quot;,&quot;copyright&quot;:&quot;&quot;,&quot;focal_length&quot;:&quot;0&quot;,&quot;iso&quot;:&quot;0&quot;,&quot;shutter_speed&quot;:&quot;0&quot;,&quot;title&quot;:&quot;&quot;,&quot;orientation&quot;:&quot;0&quot;}\" data-image-title=\"El Ciudadano Guille y Roemro 2\" data-image-description=\"\" data-image-caption=\"\" data-medium-file=\"https:\/\/saltanoticiassalta.org\/wp-content\/uploads\/2026\/03\/El-Ciudadano-Guille-y-Roemro-2.jpg\" data-large-file=\"https:\/\/saltanoticiassalta.org\/wp-content\/uploads\/2026\/03\/El-Ciudadano-Guille-y-Roemro-2.jpg\" class=\"alignnone wp-image-17790\" src=\"http:\/\/saltanoticiassalta.org\/wp-content\/uploads\/2026\/03\/El-Ciudadano-Guille-y-Roemro-2.jpg\" alt=\"\" width=\"572\" height=\"365\" \/><\/p>\n<p><span style=\"font-size: 18pt;\">Al Soberbio Patriarca de la Pol\u00edtica Salte\u00f1a, nadie contradec\u00eda sus \u00f3rdenes, excepto El Guille de la Gente (Capell\u00e1n) . Durante los 12 a\u00f1os de Gobierno Romerista, en una sola oportunidad, Capell\u00e1n y Romero estuvieron frente a frente solo por media hora por gesti\u00f3n del Diputado Guillermo Dur\u00e1nd Cornejo.<\/span><\/p>\n<p style=\"text-align: center;\"><img loading=\"lazy\" decoding=\"async\" data-attachment-id=\"4381\" data-permalink=\"https:\/\/saltanoticiassalta.org\/?attachment_id=4381\" data-orig-file=\"https:\/\/saltanoticiassalta.org\/wp-content\/uploads\/2021\/05\/durand-cornejo.jpg\" data-orig-size=\"370,156\" data-comments-opened=\"1\" data-image-meta=\"{&quot;aperture&quot;:&quot;0&quot;,&quot;credit&quot;:&quot;&quot;,&quot;camera&quot;:&quot;&quot;,&quot;caption&quot;:&quot;&quot;,&quot;created_timestamp&quot;:&quot;0&quot;,&quot;copyright&quot;:&quot;&quot;,&quot;focal_length&quot;:&quot;0&quot;,&quot;iso&quot;:&quot;0&quot;,&quot;shutter_speed&quot;:&quot;0&quot;,&quot;title&quot;:&quot;&quot;,&quot;orientation&quot;:&quot;0&quot;}\" data-image-title=\"durand-cornejo\" data-image-description=\"\" data-image-caption=\"\" data-medium-file=\"https:\/\/saltanoticiassalta.org\/wp-content\/uploads\/2021\/05\/durand-cornejo-300x126.jpg\" data-large-file=\"https:\/\/saltanoticiassalta.org\/wp-content\/uploads\/2021\/05\/durand-cornejo.jpg\" class=\"alignnone  wp-image-4381\" src=\"http:\/\/saltanoticiassalta.org\/wp-content\/uploads\/2021\/05\/durand-cornejo-300x126.jpg\" alt=\"\" width=\"652\" height=\"274\" srcset=\"https:\/\/saltanoticiassalta.org\/wp-content\/uploads\/2021\/05\/durand-cornejo-300x126.jpg 300w, https:\/\/saltanoticiassalta.org\/wp-content\/uploads\/2021\/05\/durand-cornejo.jpg 370w\" sizes=\"auto, (max-width: 652px) 100vw, 652px\" \/><\/p>\n<p>&nbsp;<\/p>\n<p>&nbsp;<\/p>\n","protected":false},"excerpt":{"rendered":"<p>Guillermo Capell\u00e1n, exconcejal peronista, que fue destituido por el Gobierno Municipal del Exintendente Municipal Alejandro&#8230;<\/p>\n","protected":false},"author":1,"featured_media":16795,"comment_status":"open","ping_status":"closed","sticky":false,"template":"","format":"standard","meta":{"jetpack_post_was_ever_published":false,"_jetpack_newsletter_access":"","_jetpack_dont_email_post_to_subs":false,"_jetpack_newsletter_tier_id":0,"_jetpack_memberships_contains_paywalled_content":false,"_jetpack_memberships_contains_paid_content":false,"footnotes":"","jetpack_publicize_message":"","jetpack_publicize_feature_enabled":true,"jetpack_social_post_already_shared":true,"jetpack_social_options":{"image_generator_settings":{"template":"highway","default_image_id":0,"font":"","enabled":false},"version":2}},"categories":[444],"tags":[],"class_list":["post-17821","post","type-post","status-publish","format-standard","has-post-thumbnail","hentry","category-sociedad"],"jetpack_publicize_connections":[],"jetpack_featured_media_url":"https:\/\/saltanoticiassalta.org\/wp-content\/uploads\/2025\/02\/rey-juan-carlos-3.jpg","jetpack_sharing_enabled":true,"jetpack_likes_enabled":true,"_links":{"self":[{"href":"https:\/\/saltanoticiassalta.org\/index.php?rest_route=\/wp\/v2\/posts\/17821","targetHints":{"allow":["GET"]}}],"collection":[{"href":"https:\/\/saltanoticiassalta.org\/index.php?rest_route=\/wp\/v2\/posts"}],"about":[{"href":"https:\/\/saltanoticiassalta.org\/index.php?rest_route=\/wp\/v2\/types\/post"}],"author":[{"embeddable":true,"href":"https:\/\/saltanoticiassalta.org\/index.php?rest_route=\/wp\/v2\/users\/1"}],"replies":[{"embeddable":true,"href":"https:\/\/saltanoticiassalta.org\/index.php?rest_route=%2Fwp%2Fv2%2Fcomments&post=17821"}],"version-history":[{"count":3,"href":"https:\/\/saltanoticiassalta.org\/index.php?rest_route=\/wp\/v2\/posts\/17821\/revisions"}],"predecessor-version":[{"id":17824,"href":"https:\/\/saltanoticiassalta.org\/index.php?rest_route=\/wp\/v2\/posts\/17821\/revisions\/17824"}],"wp:featuredmedia":[{"embeddable":true,"href":"https:\/\/saltanoticiassalta.org\/index.php?rest_route=\/wp\/v2\/media\/16795"}],"wp:attachment":[{"href":"https:\/\/saltanoticiassalta.org\/index.php?rest_route=%2Fwp%2Fv2%2Fmedia&parent=17821"}],"wp:term":[{"taxonomy":"category","embeddable":true,"href":"https:\/\/saltanoticiassalta.org\/index.php?rest_route=%2Fwp%2Fv2%2Fcategories&post=17821"},{"taxonomy":"post_tag","embeddable":true,"href":"https:\/\/saltanoticiassalta.org\/index.php?rest_route=%2Fwp%2Fv2%2Ftags&post=17821"}],"curies":[{"name":"wp","href":"https:\/\/api.w.org\/{rel}","templated":true}]}}