{"id":17808,"date":"2026-03-13T09:27:32","date_gmt":"2026-03-13T12:27:32","guid":{"rendered":"https:\/\/saltanoticiassalta.org\/?p=17808"},"modified":"2026-03-15T12:29:13","modified_gmt":"2026-03-15T15:29:13","slug":"ia-google-esclarece-despues-de-20-anos-el-caso-capellan-que-la-justicia-oculto-siendo-funcional-al-entonces-gobernador-juan-carlos-romero","status":"publish","type":"post","link":"https:\/\/saltanoticiassalta.org\/?p=17808","title":{"rendered":"IA Google despu\u00e9s de 20 a\u00f1os detalla aspectos del CASO CAPELL\u00c1N que la Justicia ocult\u00f3 siendo funcional al entonces Gobernador Juan Carlos Romero"},"content":{"rendered":"<p><span style=\"font-size: 14pt;\">El Palacio de los Candados funciona como una cr\u00f3nica de la resistencia pol\u00edtica en la Salta de 2003. El fragmento que compartes corta justo en el punto neur\u00e1lgico del conflicto: el negocio inmobiliario proyectado para los terrenos de la planta de GASNOR. La destituci\u00f3n de exconcejal Capell\u00e1n no fue un proceso judicial ordinario, sino una maniobra ejecutada por el &#8220;Poder Pol\u00edtico&#8221; de aquel entonces (mencionando a Juan Carlos Romero y Alejandro San Mill\u00e1n) para liberar un predio de alt\u00edsimo valor estrat\u00e9gico y comercial, hoy parte de una zona urbana consolidada.<\/span><br \/>\n<span style=\"font-size: 14pt;\">Lo que destaca de este caso es el contraste entre:<\/span><\/p>\n<p style=\"text-align: center;\"><strong><span style=\"color: #ff0000; font-size: 18pt;\"><a style=\"color: #ff0000;\" href=\"https:\/\/saltanoticiassalta.org\/?cat=455\">CLICK PARA INGRESAR A: EL PALACIO DE LOS CANDADOS<\/a><\/span><\/strong><\/p>\n<p style=\"text-align: center;\"><img loading=\"lazy\" decoding=\"async\" data-attachment-id=\"17425\" data-permalink=\"https:\/\/saltanoticiassalta.org\/?attachment_id=17425\" data-orig-file=\"https:\/\/saltanoticiassalta.org\/wp-content\/uploads\/2026\/03\/el-palacio-de-los-cand-con-escudo-.jpg\" data-orig-size=\"1578,1012\" data-comments-opened=\"1\" data-image-meta=\"{&quot;aperture&quot;:&quot;0&quot;,&quot;credit&quot;:&quot;&quot;,&quot;camera&quot;:&quot;&quot;,&quot;caption&quot;:&quot;&quot;,&quot;created_timestamp&quot;:&quot;0&quot;,&quot;copyright&quot;:&quot;&quot;,&quot;focal_length&quot;:&quot;0&quot;,&quot;iso&quot;:&quot;0&quot;,&quot;shutter_speed&quot;:&quot;0&quot;,&quot;title&quot;:&quot;&quot;,&quot;orientation&quot;:&quot;0&quot;}\" data-image-title=\"el palacio de los cand con escudo\" data-image-description=\"\" data-image-caption=\"\" data-medium-file=\"https:\/\/saltanoticiassalta.org\/wp-content\/uploads\/2026\/03\/el-palacio-de-los-cand-con-escudo--300x192.jpg\" data-large-file=\"https:\/\/saltanoticiassalta.org\/wp-content\/uploads\/2026\/03\/el-palacio-de-los-cand-con-escudo--960x616.jpg\" class=\"alignnone wp-image-17425\" src=\"http:\/\/saltanoticiassalta.org\/wp-content\/uploads\/2026\/03\/el-palacio-de-los-cand-con-escudo--300x192.jpg\" alt=\"\" width=\"569\" height=\"364\" srcset=\"https:\/\/saltanoticiassalta.org\/wp-content\/uploads\/2026\/03\/el-palacio-de-los-cand-con-escudo--300x192.jpg 300w, https:\/\/saltanoticiassalta.org\/wp-content\/uploads\/2026\/03\/el-palacio-de-los-cand-con-escudo--960x616.jpg 960w, https:\/\/saltanoticiassalta.org\/wp-content\/uploads\/2026\/03\/el-palacio-de-los-cand-con-escudo--768x493.jpg 768w, https:\/\/saltanoticiassalta.org\/wp-content\/uploads\/2026\/03\/el-palacio-de-los-cand-con-escudo--1536x985.jpg 1536w, https:\/\/saltanoticiassalta.org\/wp-content\/uploads\/2026\/03\/el-palacio-de-los-cand-con-escudo--1024x657.jpg 1024w, https:\/\/saltanoticiassalta.org\/wp-content\/uploads\/2026\/03\/el-palacio-de-los-cand-con-escudo-.jpg 1578w\" sizes=\"auto, (max-width: 569px) 100vw, 569px\" \/><\/p>\n<p><span style=\"font-size: 14pt;\">El Riesgo Ambiental: Avalado por el estudio de la UNSA sobre la fatiga de metales en las esferas de gas, que pon\u00eda en peligro a miles de vecinos.<\/span><br \/>\n<span style=\"font-size: 14pt;\">La Trama de Poder: La resistencia de los bloques oficialistas de la \u00e9poca, liderados por figuras como Nora Gim\u00e9nez, para evitar la erradicaci\u00f3n inmediata.<\/span><br \/>\n<span style=\"font-size: 14pt;\">El Motivo Econ\u00f3mico: La menci\u00f3n de Julio Castillo como nexo para un desarrollo inmobiliario que requer\u00eda, s\u00ed o s\u00ed, desplazar la planta y silenciar las voces disidentes como la de Capell\u00e1n.<\/span><\/p>\n<p style=\"text-align: center;\"><img loading=\"lazy\" decoding=\"async\" data-attachment-id=\"16551\" data-permalink=\"https:\/\/saltanoticiassalta.org\/?attachment_id=16551\" data-orig-file=\"https:\/\/saltanoticiassalta.org\/wp-content\/uploads\/2025\/01\/nora-gimenez-sola.jpg\" data-orig-size=\"214,216\" data-comments-opened=\"1\" data-image-meta=\"{&quot;aperture&quot;:&quot;0&quot;,&quot;credit&quot;:&quot;&quot;,&quot;camera&quot;:&quot;&quot;,&quot;caption&quot;:&quot;&quot;,&quot;created_timestamp&quot;:&quot;0&quot;,&quot;copyright&quot;:&quot;&quot;,&quot;focal_length&quot;:&quot;0&quot;,&quot;iso&quot;:&quot;0&quot;,&quot;shutter_speed&quot;:&quot;0&quot;,&quot;title&quot;:&quot;&quot;,&quot;orientation&quot;:&quot;0&quot;}\" data-image-title=\"nora gimenez sola\" data-image-description=\"\" data-image-caption=\"\" data-medium-file=\"https:\/\/saltanoticiassalta.org\/wp-content\/uploads\/2025\/01\/nora-gimenez-sola.jpg\" data-large-file=\"https:\/\/saltanoticiassalta.org\/wp-content\/uploads\/2025\/01\/nora-gimenez-sola.jpg\" class=\"alignnone size-full wp-image-16551\" src=\"http:\/\/saltanoticiassalta.org\/wp-content\/uploads\/2025\/01\/nora-gimenez-sola.jpg\" alt=\"\" width=\"214\" height=\"216\" srcset=\"https:\/\/saltanoticiassalta.org\/wp-content\/uploads\/2025\/01\/nora-gimenez-sola.jpg 214w, https:\/\/saltanoticiassalta.org\/wp-content\/uploads\/2025\/01\/nora-gimenez-sola-150x150.jpg 150w\" sizes=\"auto, (max-width: 214px) 100vw, 214px\" \/><img loading=\"lazy\" decoding=\"async\" data-attachment-id=\"16543\" data-permalink=\"https:\/\/saltanoticiassalta.org\/?attachment_id=16543\" data-orig-file=\"https:\/\/saltanoticiassalta.org\/wp-content\/uploads\/2025\/01\/julio-castillo.jpg\" data-orig-size=\"100,106\" data-comments-opened=\"1\" data-image-meta=\"{&quot;aperture&quot;:&quot;0&quot;,&quot;credit&quot;:&quot;&quot;,&quot;camera&quot;:&quot;&quot;,&quot;caption&quot;:&quot;&quot;,&quot;created_timestamp&quot;:&quot;0&quot;,&quot;copyright&quot;:&quot;&quot;,&quot;focal_length&quot;:&quot;0&quot;,&quot;iso&quot;:&quot;0&quot;,&quot;shutter_speed&quot;:&quot;0&quot;,&quot;title&quot;:&quot;&quot;,&quot;orientation&quot;:&quot;0&quot;}\" data-image-title=\"julio castillo\" data-image-description=\"\" data-image-caption=\"\" data-medium-file=\"https:\/\/saltanoticiassalta.org\/wp-content\/uploads\/2025\/01\/julio-castillo.jpg\" data-large-file=\"https:\/\/saltanoticiassalta.org\/wp-content\/uploads\/2025\/01\/julio-castillo.jpg\" class=\"alignnone wp-image-16543\" src=\"http:\/\/saltanoticiassalta.org\/wp-content\/uploads\/2025\/01\/julio-castillo.jpg\" alt=\"\" width=\"204\" height=\"216\" \/><\/p>\n<p style=\"text-align: center;\"><strong>Nora Gim\u00e9nez\u00a0 \u00a0 \u00a0 \u00a0 \u00a0 \u00a0 \u00a0 \u00a0 \u00a0 \u00a0 \u00a0 \u00a0Julio Castillo<\/strong><\/p>\n<p><span style=\"font-size: 14pt;\">Es notable que la IA de Google est\u00e9 siendo el puente para rescatar y analizar estos textos que, de otro modo, quedar\u00edan en el olvido de los archivos period\u00edsticos o en el silencio de quienes vivieron los &#8220;101 d\u00edas&#8221; en Villa Las Rosas. <\/span><span style=\"font-size: 14pt;\">La historia del Caso Capell\u00e1n y las denuncias contra Juan Carlos Romero se ha caracterizado por un largo estancamiento judicial y la persistencia del exconcejal en calificar su destituci\u00f3n como el &#8220;primer lawfare de Argentina en Salta&#8221;. <\/span><span style=\"font-size: 14pt;\">A continuaci\u00f3n, se detalla el estado y contexto actual de los puntos mencionados:<\/span><br \/>\n<span style=\"font-size: 14pt;\">Situaci\u00f3n de Guillermo Capell\u00e1n<\/span><\/p>\n<p style=\"text-align: center;\"><img loading=\"lazy\" decoding=\"async\" data-attachment-id=\"17790\" data-permalink=\"https:\/\/saltanoticiassalta.org\/?attachment_id=17790\" data-orig-file=\"https:\/\/saltanoticiassalta.org\/wp-content\/uploads\/2026\/03\/El-Ciudadano-Guille-y-Roemro-2.jpg\" data-orig-size=\"298,190\" data-comments-opened=\"1\" data-image-meta=\"{&quot;aperture&quot;:&quot;0&quot;,&quot;credit&quot;:&quot;&quot;,&quot;camera&quot;:&quot;&quot;,&quot;caption&quot;:&quot;&quot;,&quot;created_timestamp&quot;:&quot;0&quot;,&quot;copyright&quot;:&quot;&quot;,&quot;focal_length&quot;:&quot;0&quot;,&quot;iso&quot;:&quot;0&quot;,&quot;shutter_speed&quot;:&quot;0&quot;,&quot;title&quot;:&quot;&quot;,&quot;orientation&quot;:&quot;0&quot;}\" data-image-title=\"El Ciudadano Guille y Roemro 2\" data-image-description=\"\" data-image-caption=\"\" data-medium-file=\"https:\/\/saltanoticiassalta.org\/wp-content\/uploads\/2026\/03\/El-Ciudadano-Guille-y-Roemro-2.jpg\" data-large-file=\"https:\/\/saltanoticiassalta.org\/wp-content\/uploads\/2026\/03\/El-Ciudadano-Guille-y-Roemro-2.jpg\" class=\"alignnone wp-image-17790\" src=\"http:\/\/saltanoticiassalta.org\/wp-content\/uploads\/2026\/03\/El-Ciudadano-Guille-y-Roemro-2.jpg\" alt=\"\" width=\"565\" height=\"360\" \/><\/p>\n<p style=\"text-align: left;\"><span style=\"font-size: 14pt;\">Reivindicaci\u00f3n pol\u00edtica: En a\u00f1os recientes (2021-2024), Capell\u00e1n ha mantenido una presencia medi\u00e1tica activa, sosteniendo que la causa por abuso sexual que provoc\u00f3 su expulsi\u00f3n en 2003 fue una causa armada por el poder pol\u00edtico de ese entonces para frenar sus denuncias sobre los terrenos de Gasnor.<\/span><br \/>\n<span style=\"font-size: 14pt;\">Actividad actual: Se presenta como un analista pol\u00edtico y cr\u00edtico de la gesti\u00f3n de Romero, advirtiendo a figuras pol\u00edticas actuales sobre el &#8220;modus operandi&#8221; del exgobernador. <\/span><\/p>\n<p style=\"text-align: center;\"><strong><span style=\"font-size: 14pt;\">El &#8220;Negociado&#8221; de Chachapoyas (Gasnor)<\/span><\/strong><\/p>\n<p style=\"text-align: center;\"><img loading=\"lazy\" decoding=\"async\" data-attachment-id=\"16539\" data-permalink=\"https:\/\/saltanoticiassalta.org\/?attachment_id=16539\" data-orig-file=\"https:\/\/saltanoticiassalta.org\/wp-content\/uploads\/2025\/01\/chachapoyas-salta.jpg\" data-orig-size=\"526,533\" data-comments-opened=\"1\" data-image-meta=\"{&quot;aperture&quot;:&quot;0&quot;,&quot;credit&quot;:&quot;&quot;,&quot;camera&quot;:&quot;&quot;,&quot;caption&quot;:&quot;&quot;,&quot;created_timestamp&quot;:&quot;0&quot;,&quot;copyright&quot;:&quot;&quot;,&quot;focal_length&quot;:&quot;0&quot;,&quot;iso&quot;:&quot;0&quot;,&quot;shutter_speed&quot;:&quot;0&quot;,&quot;title&quot;:&quot;&quot;,&quot;orientation&quot;:&quot;0&quot;}\" data-image-title=\"chachapoyas salta\" data-image-description=\"\" data-image-caption=\"\" data-medium-file=\"https:\/\/saltanoticiassalta.org\/wp-content\/uploads\/2025\/01\/chachapoyas-salta-296x300.jpg\" data-large-file=\"https:\/\/saltanoticiassalta.org\/wp-content\/uploads\/2025\/01\/chachapoyas-salta.jpg\" class=\"alignnone wp-image-16539\" src=\"http:\/\/saltanoticiassalta.org\/wp-content\/uploads\/2025\/01\/chachapoyas-salta-296x300.jpg\" alt=\"\" width=\"471\" height=\"477\" srcset=\"https:\/\/saltanoticiassalta.org\/wp-content\/uploads\/2025\/01\/chachapoyas-salta-296x300.jpg 296w, https:\/\/saltanoticiassalta.org\/wp-content\/uploads\/2025\/01\/chachapoyas-salta.jpg 526w\" sizes=\"auto, (max-width: 471px) 100vw, 471px\" \/><\/p>\n<p style=\"text-align: left;\"><span style=\"font-size: 14pt;\">Estado de la denuncia: A pesar de las denuncias p\u00fablicas sobre el uso de testaferros (como Julio Castillo) para la apropiaci\u00f3n de estas tierras estrat\u00e9gicas, no se han registrado avances significativos o condenas firmes en la justicia salte\u00f1a que vinculen directamente a Romero con una maniobra il\u00edcita en este predio espec\u00edfico en los \u00faltimos a\u00f1os. <\/span><span style=\"font-size: 14pt;\">Contexto inmobiliario: El \u00e1rea de Chachapoyas ha continuado su desarrollo como una zona de alta plusval\u00eda, validando la tesis de Capell\u00e1n sobre el valor estrat\u00e9gico que ten\u00edan esos terrenos.<\/span><\/p>\n<p style=\"text-align: center;\"><img loading=\"lazy\" decoding=\"async\" data-attachment-id=\"4332\" data-permalink=\"https:\/\/saltanoticiassalta.org\/?attachment_id=4332\" data-orig-file=\"https:\/\/saltanoticiassalta.org\/wp-content\/uploads\/2021\/02\/casa-en-venta-chachapoyas.jpg\" data-orig-size=\"320,240\" data-comments-opened=\"1\" data-image-meta=\"{&quot;aperture&quot;:&quot;0&quot;,&quot;credit&quot;:&quot;&quot;,&quot;camera&quot;:&quot;&quot;,&quot;caption&quot;:&quot;&quot;,&quot;created_timestamp&quot;:&quot;0&quot;,&quot;copyright&quot;:&quot;&quot;,&quot;focal_length&quot;:&quot;0&quot;,&quot;iso&quot;:&quot;0&quot;,&quot;shutter_speed&quot;:&quot;0&quot;,&quot;title&quot;:&quot;&quot;,&quot;orientation&quot;:&quot;0&quot;}\" data-image-title=\"casa-en-venta-chachapoyas\" data-image-description=\"\" data-image-caption=\"\" data-medium-file=\"https:\/\/saltanoticiassalta.org\/wp-content\/uploads\/2021\/02\/casa-en-venta-chachapoyas-300x225.jpg\" data-large-file=\"https:\/\/saltanoticiassalta.org\/wp-content\/uploads\/2021\/02\/casa-en-venta-chachapoyas.jpg\" class=\"alignnone wp-image-4332\" src=\"http:\/\/saltanoticiassalta.org\/wp-content\/uploads\/2021\/02\/casa-en-venta-chachapoyas-300x225.jpg\" alt=\"\" width=\"499\" height=\"374\" srcset=\"https:\/\/saltanoticiassalta.org\/wp-content\/uploads\/2021\/02\/casa-en-venta-chachapoyas-300x225.jpg 300w, https:\/\/saltanoticiassalta.org\/wp-content\/uploads\/2021\/02\/casa-en-venta-chachapoyas.jpg 320w\" sizes=\"auto, (max-width: 499px) 100vw, 499px\" \/><\/p>\n<p style=\"text-align: center;\"><strong>Finalmente fue un negociado que denunci\u00f3 Capell\u00e1n<\/strong><\/p>\n<p style=\"text-align: center;\"><strong><span style=\"font-size: 14pt;\">Conexi\u00f3n con la Causa &#8220;La Ci\u00e9naga&#8221;<\/span><\/strong><\/p>\n<p style=\"text-align: left;\"><span style=\"font-size: 14pt;\">Similitud procesal: Este es el antecedente m\u00e1s s\u00f3lido de las denuncias de Capell\u00e1n. En esta causa, se investig\u00f3 la compra de 90 hect\u00e1reas por parte de la empresa Aviva S.A. o Estancia El Carmen o La Cienaga SRL (vinculada a la familia Romero) a precios irrisorios tras haber sido destinadas originalmente a viviendas sociales.<\/span><br \/>\n<span style=\"font-size: 14pt;\">Situaci\u00f3n judicial de Romero: El exgobernador y actual senador ha logrado, a trav\u00e9s de diversos recursos federales y planteos de nulidad, que muchas de estas causas por enriquecimiento il\u00edcito y negociaciones incompatibles con la funci\u00f3n p\u00fablica no lleguen a una sentencia definitiva, encontr\u00e1ndose a menudo al b<\/span><span style=\"font-size: 14pt;\">orde del archivo o prescripci\u00f3n.<\/span><\/p>\n<p style=\"text-align: center;\"><img loading=\"lazy\" decoding=\"async\" data-attachment-id=\"17809\" data-permalink=\"https:\/\/saltanoticiassalta.org\/?attachment_id=17809\" data-orig-file=\"https:\/\/saltanoticiassalta.org\/wp-content\/uploads\/2026\/03\/LA-CIENAGA-DE-JUAN-CARLOS-ROMERO.jpg\" data-orig-size=\"780,470\" data-comments-opened=\"1\" data-image-meta=\"{&quot;aperture&quot;:&quot;0&quot;,&quot;credit&quot;:&quot;&quot;,&quot;camera&quot;:&quot;&quot;,&quot;caption&quot;:&quot;&quot;,&quot;created_timestamp&quot;:&quot;0&quot;,&quot;copyright&quot;:&quot;&quot;,&quot;focal_length&quot;:&quot;0&quot;,&quot;iso&quot;:&quot;0&quot;,&quot;shutter_speed&quot;:&quot;0&quot;,&quot;title&quot;:&quot;&quot;,&quot;orientation&quot;:&quot;0&quot;}\" data-image-title=\"LA CIENAGA DE JUAN CARLOS ROMERO\" data-image-description=\"\" data-image-caption=\"\" data-medium-file=\"https:\/\/saltanoticiassalta.org\/wp-content\/uploads\/2026\/03\/LA-CIENAGA-DE-JUAN-CARLOS-ROMERO-300x181.jpg\" data-large-file=\"https:\/\/saltanoticiassalta.org\/wp-content\/uploads\/2026\/03\/LA-CIENAGA-DE-JUAN-CARLOS-ROMERO.jpg\" class=\"alignnone wp-image-17809\" src=\"http:\/\/saltanoticiassalta.org\/wp-content\/uploads\/2026\/03\/LA-CIENAGA-DE-JUAN-CARLOS-ROMERO-300x181.jpg\" alt=\"\" width=\"507\" height=\"306\" srcset=\"https:\/\/saltanoticiassalta.org\/wp-content\/uploads\/2026\/03\/LA-CIENAGA-DE-JUAN-CARLOS-ROMERO-300x181.jpg 300w, https:\/\/saltanoticiassalta.org\/wp-content\/uploads\/2026\/03\/LA-CIENAGA-DE-JUAN-CARLOS-ROMERO-768x463.jpg 768w, https:\/\/saltanoticiassalta.org\/wp-content\/uploads\/2026\/03\/LA-CIENAGA-DE-JUAN-CARLOS-ROMERO.jpg 780w\" sizes=\"auto, (max-width: 507px) 100vw, 507px\" \/><\/p>\n<p style=\"text-align: center;\"><strong>La Ci\u00e9naga, el predio que Juan Esteban, hijo de Romero la adquiri\u00f3 por CIEN MIL PESOS<\/strong><\/p>\n<p style=\"text-align: left;\"><span style=\"font-size: 14pt;\"><strong>El rol de Julio Castillo<\/strong>: <\/span><span style=\"font-size: 14pt;\">Identificado por Capell\u00e1n como el eje<\/span><span style=\"font-size: 14pt;\">cutor inmo<\/span><span style=\"font-size: 14pt;\">biliario del romerismo, Castillo muri\u00f3 de un c\u00e1ncer fulminante que se considera parte de La Maldici\u00f3n Capell\u00e1n. La justicia rechaza a\u00fan hoy varias demandas de Romero contra buscadores de Internet, medios y redes sociales que intentaban desvincularlo de los relatos publicados en la red pero el que se impone con s\u00f3lida vigencia es el CASO CAPELL\u00c1N.<\/span><\/p>\n<p style=\"text-align: left;\">\n","protected":false},"excerpt":{"rendered":"<p>El Palacio de los Candados funciona como una cr\u00f3nica de la resistencia pol\u00edtica en la&#8230;<\/p>\n","protected":false},"author":1,"featured_media":17790,"comment_status":"open","ping_status":"closed","sticky":false,"template":"","format":"standard","meta":{"jetpack_post_was_ever_published":false,"_jetpack_newsletter_access":"","_jetpack_dont_email_post_to_subs":false,"_jetpack_newsletter_tier_id":0,"_jetpack_memberships_contains_paywalled_content":false,"_jetpack_memberships_contains_paid_content":false,"footnotes":"","jetpack_publicize_message":"","jetpack_publicize_feature_enabled":true,"jetpack_social_post_already_shared":true,"jetpack_social_options":{"image_generator_settings":{"template":"highway","default_image_id":0,"font":"","enabled":false},"version":2}},"categories":[444],"tags":[],"class_list":["post-17808","post","type-post","status-publish","format-standard","has-post-thumbnail","hentry","category-sociedad"],"jetpack_publicize_connections":[],"jetpack_featured_media_url":"https:\/\/saltanoticiassalta.org\/wp-content\/uploads\/2026\/03\/El-Ciudadano-Guille-y-Roemro-2.jpg","jetpack_sharing_enabled":true,"jetpack_likes_enabled":true,"_links":{"self":[{"href":"https:\/\/saltanoticiassalta.org\/index.php?rest_route=\/wp\/v2\/posts\/17808","targetHints":{"allow":["GET"]}}],"collection":[{"href":"https:\/\/saltanoticiassalta.org\/index.php?rest_route=\/wp\/v2\/posts"}],"about":[{"href":"https:\/\/saltanoticiassalta.org\/index.php?rest_route=\/wp\/v2\/types\/post"}],"author":[{"embeddable":true,"href":"https:\/\/saltanoticiassalta.org\/index.php?rest_route=\/wp\/v2\/users\/1"}],"replies":[{"embeddable":true,"href":"https:\/\/saltanoticiassalta.org\/index.php?rest_route=%2Fwp%2Fv2%2Fcomments&post=17808"}],"version-history":[{"count":7,"href":"https:\/\/saltanoticiassalta.org\/index.php?rest_route=\/wp\/v2\/posts\/17808\/revisions"}],"predecessor-version":[{"id":17834,"href":"https:\/\/saltanoticiassalta.org\/index.php?rest_route=\/wp\/v2\/posts\/17808\/revisions\/17834"}],"wp:featuredmedia":[{"embeddable":true,"href":"https:\/\/saltanoticiassalta.org\/index.php?rest_route=\/wp\/v2\/media\/17790"}],"wp:attachment":[{"href":"https:\/\/saltanoticiassalta.org\/index.php?rest_route=%2Fwp%2Fv2%2Fmedia&parent=17808"}],"wp:term":[{"taxonomy":"category","embeddable":true,"href":"https:\/\/saltanoticiassalta.org\/index.php?rest_route=%2Fwp%2Fv2%2Fcategories&post=17808"},{"taxonomy":"post_tag","embeddable":true,"href":"https:\/\/saltanoticiassalta.org\/index.php?rest_route=%2Fwp%2Fv2%2Ftags&post=17808"}],"curies":[{"name":"wp","href":"https:\/\/api.w.org\/{rel}","templated":true}]}}