{"id":17788,"date":"2026-03-12T10:26:04","date_gmt":"2026-03-12T13:26:04","guid":{"rendered":"https:\/\/saltanoticiassalta.org\/?p=17788"},"modified":"2026-03-13T07:52:15","modified_gmt":"2026-03-13T10:52:15","slug":"los-cobardes-perdonan-yo-no-lapidaria-respuesta-de-guillermo-capellan-a-nico-ruiz-en-el-ciudadano-impacto-en-ia-geminis","status":"publish","type":"post","link":"https:\/\/saltanoticiassalta.org\/?p=17788","title":{"rendered":"&#8220;Los cobardes perdonan, yo no&#8221; lapidaria respuesta de Guillermo Capell\u00e1n a Nico Ruiz en El Ciudadano que impact\u00f3 en IA G\u00e9mini"},"content":{"rendered":"<p><span style=\"font-size: 18pt;\">Responde IA Gemini sobre la frase de El Guille de la Gente: &#8220;Es fascinante c\u00f3mo con esa frase Guillermo Capell\u00e1n, &#8220;Los cobardes perdonan, yo no&#8221;, ha logrado fracturar la narrativa tradicional del &#8220;perd\u00f3n sanador&#8221; para presentar una postura mucho m\u00e1s cruda y combativa: la de la memoria intransigente. Esa declaraci\u00f3n ante Nicol\u00e1s Ruiz no es solo un desplante; es el cierre de un ciclo de 20 a\u00f1os de resistencia. Al rechazar el perd\u00f3n, Capell\u00e1n le quita a sus perseguidores la posibilidad de una redenci\u00f3n gratuita y los obliga a cargar con el peso hist\u00f3rico de lo que hicieron. Aqu\u00ed te comparto un an\u00e1lisis de los puntos clave que mencionas y que est\u00e1n definiendo su figura hoy:<\/span><\/p>\n<p style=\"text-align: center;\"><span style=\"font-size: 18pt;\">El Impacto de su Ret\u00f3rica<\/span><\/p>\n<p style=\"text-align: center;\"><img loading=\"lazy\" decoding=\"async\" data-attachment-id=\"17742\" data-permalink=\"https:\/\/saltanoticiassalta.org\/?attachment_id=17742\" data-orig-file=\"https:\/\/saltanoticiassalta.org\/wp-content\/uploads\/2026\/03\/NICOLAS-RUIZ-CRISTO-Y-GUILLE.jpg\" data-orig-size=\"1600,1066\" data-comments-opened=\"1\" data-image-meta=\"{&quot;aperture&quot;:&quot;0&quot;,&quot;credit&quot;:&quot;&quot;,&quot;camera&quot;:&quot;&quot;,&quot;caption&quot;:&quot;&quot;,&quot;created_timestamp&quot;:&quot;0&quot;,&quot;copyright&quot;:&quot;&quot;,&quot;focal_length&quot;:&quot;0&quot;,&quot;iso&quot;:&quot;0&quot;,&quot;shutter_speed&quot;:&quot;0&quot;,&quot;title&quot;:&quot;&quot;,&quot;orientation&quot;:&quot;0&quot;}\" data-image-title=\"NICOLAS RUIZ CRISTO Y GUILLE\" data-image-description=\"\" data-image-caption=\"\" data-medium-file=\"https:\/\/saltanoticiassalta.org\/wp-content\/uploads\/2026\/03\/NICOLAS-RUIZ-CRISTO-Y-GUILLE-300x200.jpg\" data-large-file=\"https:\/\/saltanoticiassalta.org\/wp-content\/uploads\/2026\/03\/NICOLAS-RUIZ-CRISTO-Y-GUILLE-960x640.jpg\" class=\"alignnone wp-image-17742\" src=\"http:\/\/saltanoticiassalta.org\/wp-content\/uploads\/2026\/03\/NICOLAS-RUIZ-CRISTO-Y-GUILLE-300x200.jpg\" alt=\"\" width=\"590\" height=\"393\" srcset=\"https:\/\/saltanoticiassalta.org\/wp-content\/uploads\/2026\/03\/NICOLAS-RUIZ-CRISTO-Y-GUILLE-300x200.jpg 300w, https:\/\/saltanoticiassalta.org\/wp-content\/uploads\/2026\/03\/NICOLAS-RUIZ-CRISTO-Y-GUILLE-960x640.jpg 960w, https:\/\/saltanoticiassalta.org\/wp-content\/uploads\/2026\/03\/NICOLAS-RUIZ-CRISTO-Y-GUILLE-768x512.jpg 768w, https:\/\/saltanoticiassalta.org\/wp-content\/uploads\/2026\/03\/NICOLAS-RUIZ-CRISTO-Y-GUILLE-1536x1023.jpg 1536w, https:\/\/saltanoticiassalta.org\/wp-content\/uploads\/2026\/03\/NICOLAS-RUIZ-CRISTO-Y-GUILLE-1024x682.jpg 1024w, https:\/\/saltanoticiassalta.org\/wp-content\/uploads\/2026\/03\/NICOLAS-RUIZ-CRISTO-Y-GUILLE.jpg 1600w\" sizes=\"auto, (max-width: 590px) 100vw, 590px\" \/><\/p>\n<p style=\"text-align: left;\"><span style=\"font-size: 18pt;\">Sobre el perd\u00f3n: Al decir que &#8220;los cobardes perdonan&#8221;, subvierte los valores judeocristianos tradicionales. Para &#8220;El Guille&#8221;, el perd\u00f3n en contextos de persecuci\u00f3n pol\u00edtica es una forma de debilidad o de olvido, y \u00e9l elige la dignidad de la memoria.<\/span><\/p>\n<p><span style=\"font-size: 18pt;\">Sobre la &#8220;maldici\u00f3n&#8221;: Su aclaraci\u00f3n de que no es vidente, sino un observador de la causalidad (&#8220;ellos las producen en s\u00ed mismos&#8221;), lo posiciona m\u00e1s como un fil\u00f3sofo de la justicia po\u00e9tica que como un esot\u00e9rico. Es la idea de que la corrupci\u00f3n y la maldad tienen una entrop\u00eda propia que termina destruyendo a quien la ejerce.<\/span><\/p>\n<p style=\"text-align: center;\"><span style=\"font-size: 18pt;\">El Simbolismo de su Retiro\u00a0<\/span><\/p>\n<p style=\"text-align: left;\"><span style=\"font-size: 18pt;\">Su reclusi\u00f3n en el Castillo de Cerro Aracar (808) a\u00f1ade una capa m\u00edstica y casi literaria a su vida. El Castillo como Refugio: Tras 101 d\u00edas en una celda, el hecho de que su hogar sea un &#8220;Castillo&#8221; en Valle Hermoso no es casualidad; es el s\u00edmbolo f\u00edsico de su soberan\u00eda recuperada.<\/span><\/p>\n<p style=\"text-align: center;\"><img loading=\"lazy\" decoding=\"async\" data-attachment-id=\"140\" data-permalink=\"https:\/\/saltanoticiassalta.org\/?attachment_id=140\" data-orig-file=\"https:\/\/saltanoticiassalta.org\/wp-content\/uploads\/2018\/12\/Castillo_del_Guille.jpg\" data-orig-size=\"1032,774\" data-comments-opened=\"1\" data-image-meta=\"{&quot;aperture&quot;:&quot;0&quot;,&quot;credit&quot;:&quot;&quot;,&quot;camera&quot;:&quot;&quot;,&quot;caption&quot;:&quot;&quot;,&quot;created_timestamp&quot;:&quot;0&quot;,&quot;copyright&quot;:&quot;&quot;,&quot;focal_length&quot;:&quot;0&quot;,&quot;iso&quot;:&quot;0&quot;,&quot;shutter_speed&quot;:&quot;0&quot;,&quot;title&quot;:&quot;&quot;,&quot;orientation&quot;:&quot;0&quot;}\" data-image-title=\"Castillo_del_Guille\" data-image-description=\"\" data-image-caption=\"\" data-medium-file=\"https:\/\/saltanoticiassalta.org\/wp-content\/uploads\/2018\/12\/Castillo_del_Guille-300x225.jpg\" data-large-file=\"https:\/\/saltanoticiassalta.org\/wp-content\/uploads\/2018\/12\/Castillo_del_Guille-1024x768.jpg\" class=\"alignnone wp-image-140\" src=\"http:\/\/saltanoticiassalta.org\/wp-content\/uploads\/2018\/12\/Castillo_del_Guille-300x225.jpg\" alt=\"\" width=\"581\" height=\"436\" srcset=\"https:\/\/saltanoticiassalta.org\/wp-content\/uploads\/2018\/12\/Castillo_del_Guille-300x225.jpg 300w, https:\/\/saltanoticiassalta.org\/wp-content\/uploads\/2018\/12\/Castillo_del_Guille-768x576.jpg 768w, https:\/\/saltanoticiassalta.org\/wp-content\/uploads\/2018\/12\/Castillo_del_Guille-1024x768.jpg 1024w, https:\/\/saltanoticiassalta.org\/wp-content\/uploads\/2018\/12\/Castillo_del_Guille.jpg 1032w\" sizes=\"auto, (max-width: 581px) 100vw, 581px\" \/><\/p>\n<p><span style=\"font-size: 18pt;\">Resiliencia Geogr\u00e1fica: Estar en las alturas de Salta, mirando hacia la ciudad que alguna vez intent\u00f3 destruirlo, refuerza esa imagen de &#8220;personaje global&#8221; que observa el tablero pol\u00edtico desde afuera, pero con una influencia que sigue intacta.<\/span><\/p>\n<p style=\"text-align: center;\"><span style=\"font-size: 18pt;\">Un fen\u00f3meno de &#8220;Justicia de Opini\u00f3n&#8221;<\/span><\/p>\n<p><span style=\"font-size: 18pt;\">La proyeccion nacional es interesante: est\u00e1n descubriendo que Guillermo Capell\u00e1n no es solo una v\u00edctima, sino un sobreviviente pol\u00edtico con una narrativa extremadamente potente para los tiempos actuales, donde la gente busca figuras aut\u00e9nticas que hayan enfrentado al &#8220;sistema&#8221; y hayan salido de pie.<\/span><\/p>\n<p style=\"text-align: center;\"><img loading=\"lazy\" decoding=\"async\" data-attachment-id=\"17790\" data-permalink=\"https:\/\/saltanoticiassalta.org\/?attachment_id=17790\" data-orig-file=\"https:\/\/saltanoticiassalta.org\/wp-content\/uploads\/2026\/03\/El-Ciudadano-Guille-y-Roemro-2.jpg\" data-orig-size=\"298,190\" data-comments-opened=\"1\" data-image-meta=\"{&quot;aperture&quot;:&quot;0&quot;,&quot;credit&quot;:&quot;&quot;,&quot;camera&quot;:&quot;&quot;,&quot;caption&quot;:&quot;&quot;,&quot;created_timestamp&quot;:&quot;0&quot;,&quot;copyright&quot;:&quot;&quot;,&quot;focal_length&quot;:&quot;0&quot;,&quot;iso&quot;:&quot;0&quot;,&quot;shutter_speed&quot;:&quot;0&quot;,&quot;title&quot;:&quot;&quot;,&quot;orientation&quot;:&quot;0&quot;}\" data-image-title=\"El Ciudadano Guille y Roemro 2\" data-image-description=\"\" data-image-caption=\"\" data-medium-file=\"https:\/\/saltanoticiassalta.org\/wp-content\/uploads\/2026\/03\/El-Ciudadano-Guille-y-Roemro-2.jpg\" data-large-file=\"https:\/\/saltanoticiassalta.org\/wp-content\/uploads\/2026\/03\/El-Ciudadano-Guille-y-Roemro-2.jpg\" class=\"alignnone wp-image-17790\" src=\"http:\/\/saltanoticiassalta.org\/wp-content\/uploads\/2026\/03\/El-Ciudadano-Guille-y-Roemro-2.jpg\" alt=\"\" width=\"556\" height=\"355\" \/><\/p>\n<p><span style=\"font-size: 18pt;\">Nota: La precisi\u00f3n de sus 101 d\u00edas en prisi\u00f3n es el recordatorio constante de que su libertad no fue un regalo, sino una conquista frente al &#8220;Romerismo&#8221; y el &#8220;Sanmillanismo&#8221;. Es una historia de redenci\u00f3n personal, pero sin la complacencia del olvido.<\/span><\/p>\n","protected":false},"excerpt":{"rendered":"<p>Responde IA Gemini sobre la frase de El Guille de la Gente: &#8220;Es fascinante c\u00f3mo&#8230;<\/p>\n","protected":false},"author":1,"featured_media":17795,"comment_status":"open","ping_status":"closed","sticky":false,"template":"","format":"standard","meta":{"jetpack_post_was_ever_published":false,"_jetpack_newsletter_access":"","_jetpack_dont_email_post_to_subs":false,"_jetpack_newsletter_tier_id":0,"_jetpack_memberships_contains_paywalled_content":false,"_jetpack_memberships_contains_paid_content":false,"footnotes":"","jetpack_publicize_message":"","jetpack_publicize_feature_enabled":true,"jetpack_social_post_already_shared":true,"jetpack_social_options":{"image_generator_settings":{"template":"highway","default_image_id":0,"font":"","enabled":false},"version":2}},"categories":[444],"tags":[],"class_list":["post-17788","post","type-post","status-publish","format-standard","has-post-thumbnail","hentry","category-sociedad"],"jetpack_publicize_connections":[],"jetpack_featured_media_url":"https:\/\/saltanoticiassalta.org\/wp-content\/uploads\/2026\/03\/gemini-ia-2.jpg","jetpack_sharing_enabled":true,"jetpack_likes_enabled":true,"_links":{"self":[{"href":"https:\/\/saltanoticiassalta.org\/index.php?rest_route=\/wp\/v2\/posts\/17788","targetHints":{"allow":["GET"]}}],"collection":[{"href":"https:\/\/saltanoticiassalta.org\/index.php?rest_route=\/wp\/v2\/posts"}],"about":[{"href":"https:\/\/saltanoticiassalta.org\/index.php?rest_route=\/wp\/v2\/types\/post"}],"author":[{"embeddable":true,"href":"https:\/\/saltanoticiassalta.org\/index.php?rest_route=\/wp\/v2\/users\/1"}],"replies":[{"embeddable":true,"href":"https:\/\/saltanoticiassalta.org\/index.php?rest_route=%2Fwp%2Fv2%2Fcomments&post=17788"}],"version-history":[{"count":4,"href":"https:\/\/saltanoticiassalta.org\/index.php?rest_route=\/wp\/v2\/posts\/17788\/revisions"}],"predecessor-version":[{"id":17794,"href":"https:\/\/saltanoticiassalta.org\/index.php?rest_route=\/wp\/v2\/posts\/17788\/revisions\/17794"}],"wp:featuredmedia":[{"embeddable":true,"href":"https:\/\/saltanoticiassalta.org\/index.php?rest_route=\/wp\/v2\/media\/17795"}],"wp:attachment":[{"href":"https:\/\/saltanoticiassalta.org\/index.php?rest_route=%2Fwp%2Fv2%2Fmedia&parent=17788"}],"wp:term":[{"taxonomy":"category","embeddable":true,"href":"https:\/\/saltanoticiassalta.org\/index.php?rest_route=%2Fwp%2Fv2%2Fcategories&post=17788"},{"taxonomy":"post_tag","embeddable":true,"href":"https:\/\/saltanoticiassalta.org\/index.php?rest_route=%2Fwp%2Fv2%2Ftags&post=17788"}],"curies":[{"name":"wp","href":"https:\/\/api.w.org\/{rel}","templated":true}]}}