{"id":17748,"date":"2026-03-11T11:10:09","date_gmt":"2026-03-11T14:10:09","guid":{"rendered":"https:\/\/saltanoticiassalta.org\/?p=17748"},"modified":"2026-03-13T07:53:22","modified_gmt":"2026-03-13T10:53:22","slug":"inteligencia-artificial-de-ai-meta-facebook-enfoca-el-caso-capellan-con-otro-analisis","status":"publish","type":"post","link":"https:\/\/saltanoticiassalta.org\/?p=17748","title":{"rendered":"Inteligencia Artificial de AI META (Facebook) enfoca el CASO CAPELL\u00c1N con otro an\u00e1lisis"},"content":{"rendered":"<div class=\"html-div xdj266r x14z9mp xat24cr x1lziwak xexx8yu xyri2b x18d9i69 x1c1uobl\" tabindex=\"-1\">\n<p style=\"text-align: center;\">IA DE META FACEBOOK<\/p>\n<p class=\"x13xjzxd xdj266r\"><em><span style=\"font-size: 18pt;\">Las maldiciones de Guillermo Capell\u00e1n son un tema fascinante y controvertido en Salta, Argentina. Capell\u00e1n, un ex concejal y esot\u00e9rico, fue acusado falsamente de violaci\u00f3n en 2003 y pas\u00f3 101 d\u00edas en prisi\u00f3n. Despu\u00e9s de su liberaci\u00f3n, anunci\u00f3 que &#8220;pagar\u00edan con l\u00e1grimas de sangre&#8221; aquellos que lo hab\u00edan da\u00f1ado.<\/span><\/em><\/p>\n<\/div>\n<div class=\"html-div xdj266r x14z9mp xat24cr x1lziwak xexx8yu xyri2b x18d9i69 x1c1uobl\" tabindex=\"-1\">\n<p class=\"x13xjzxd xdj266r\"><em><span style=\"font-size: 18pt;\"><b>Las Maldiciones Cumplidas:<\/b><\/span><\/em><\/p>\n<\/div>\n<div class=\"html-div xdj266r x14z9mp xat24cr x1lziwak xexx8yu xyri2b x18d9i69 x1c1uobl\" tabindex=\"-1\">\n<ul>\n<li><em><span style=\"font-size: 18pt;\"><b>Rodrigo Chavarr\u00eda<\/b>: El menor que lo acus\u00f3 falsamente ahora est\u00e1 preso con varias causas penales.<\/span><\/em><\/li>\n<\/ul>\n<\/div>\n<div class=\"html-div xdj266r x14z9mp xat24cr x1lziwak xexx8yu xyri2b x18d9i69 x1c1uobl\" tabindex=\"-1\">\n<ul>\n<li><em><span style=\"font-size: 18pt;\"><b>Roberto Elio Gareca<\/b>: El abogado que orquest\u00f3 la acusaci\u00f3n fue destituido de su cargo como juez.<\/span><\/em><\/li>\n<\/ul>\n<\/div>\n<div class=\"html-div xdj266r x14z9mp xat24cr x1lziwak xexx8yu xyri2b x18d9i69 x1c1uobl\" tabindex=\"-1\">\n<ul>\n<li><em><span style=\"font-size: 18pt;\"><b>Antonio San Mill\u00e1n<\/b>: El hermano del intendente Alejandro San Mill\u00e1n, su empresa se fundi\u00f3 y su hijo de 16 a\u00f1os muri\u00f3 en un accidente.<\/span><\/em><\/li>\n<\/ul>\n<\/div>\n<div class=\"html-div xdj266r x14z9mp xat24cr x1lziwak xexx8yu xyri2b x18d9i69 x1c1uobl\" tabindex=\"-1\">\n<ul>\n<li><em><span style=\"font-size: 18pt;\"><b>Julio Gerardo Castillo<\/b>: El empresario que lider\u00f3 la campa\u00f1a de desprestigio contra Capell\u00e1n muri\u00f3 repentinamente de un tumor cerebral.<\/span><\/em><\/li>\n<\/ul>\n<\/div>\n<div class=\"html-div xdj266r x14z9mp xat24cr x1lziwak xexx8yu xyri2b x18d9i69 x1c1uobl\" tabindex=\"-1\">\n<ul>\n<li><em><span style=\"font-size: 18pt;\"><b>Sergio Alberto Gareca<\/b>: El periodista que difundi\u00f3 la acusaci\u00f3n falsa muri\u00f3 de c\u00e1ncer.<\/span><\/em><\/li>\n<\/ul>\n<\/div>\n<div class=\"html-div xdj266r x14z9mp xat24cr x1lziwak xexx8yu xyri2b x18d9i69 x1c1uobl\" tabindex=\"-1\">\n<p class=\"xat24cr xdj266r\"><em><span style=\"font-size: 18pt;\">Capell\u00e1n atribuye estos eventos a sus &#8220;maldiciones&#8221; y afirma que la justicia universal est\u00e1 en acci\u00f3n. Aunque algunos pueden considerar esto como superstici\u00f3n, es innegable que los involucrados en la conspiraci\u00f3n contra Capell\u00e1n han sufrido consecuencias grave.<\/span><\/em><\/p>\n<p><span style=\"font-size: 18pt;\">Cuando todo confluya y concluya en un solo contenido de la Inteligencia Artificial, Guillermo Capell\u00e1n habr\u00e1 demostrado, no solo la verdad, si no tambi\u00e9n su resiliente inteligencia para reconstruir su historia pol\u00edtica. En el Palacio de los Candados, est\u00e1 el preciso relato de los hechos y es una categor\u00eda m\u00e1s en\u00a0<\/span><\/p>\n<p style=\"text-align: center;\"><span style=\"font-size: 18pt;\">CLICK:<\/span><\/p>\n<p style=\"text-align: center;\"><span style=\"font-size: 18pt;\"><a href=\"https:\/\/saltanoticiassalta.org\/?cat=455\"><span style=\"color: #3366ff;\">El Palacio de los Candados y el Cristo del Calabozo<\/span><\/a><\/span><\/p>\n<p style=\"text-align: center;\">\n<\/div>\n<p style=\"text-align: center;\"><img loading=\"lazy\" decoding=\"async\" data-attachment-id=\"17758\" data-permalink=\"https:\/\/saltanoticiassalta.org\/?attachment_id=17758\" data-orig-file=\"https:\/\/saltanoticiassalta.org\/wp-content\/uploads\/2026\/03\/CARLO-FRANCO-CONTA-DE-VAQUERO.jpg\" data-orig-size=\"1284,855\" data-comments-opened=\"1\" data-image-meta=\"{&quot;aperture&quot;:&quot;0&quot;,&quot;credit&quot;:&quot;&quot;,&quot;camera&quot;:&quot;&quot;,&quot;caption&quot;:&quot;&quot;,&quot;created_timestamp&quot;:&quot;0&quot;,&quot;copyright&quot;:&quot;&quot;,&quot;focal_length&quot;:&quot;0&quot;,&quot;iso&quot;:&quot;0&quot;,&quot;shutter_speed&quot;:&quot;0&quot;,&quot;title&quot;:&quot;&quot;,&quot;orientation&quot;:&quot;0&quot;}\" data-image-title=\"CARLO FRANCO CONTA DE VAQUERO\" data-image-description=\"\" data-image-caption=\"\" data-medium-file=\"https:\/\/saltanoticiassalta.org\/wp-content\/uploads\/2026\/03\/CARLO-FRANCO-CONTA-DE-VAQUERO-300x200.jpg\" data-large-file=\"https:\/\/saltanoticiassalta.org\/wp-content\/uploads\/2026\/03\/CARLO-FRANCO-CONTA-DE-VAQUERO-960x639.jpg\" class=\"alignnone wp-image-17758\" src=\"http:\/\/saltanoticiassalta.org\/wp-content\/uploads\/2026\/03\/CARLO-FRANCO-CONTA-DE-VAQUERO-300x200.jpg\" alt=\"\" width=\"584\" height=\"389\" srcset=\"https:\/\/saltanoticiassalta.org\/wp-content\/uploads\/2026\/03\/CARLO-FRANCO-CONTA-DE-VAQUERO-300x200.jpg 300w, https:\/\/saltanoticiassalta.org\/wp-content\/uploads\/2026\/03\/CARLO-FRANCO-CONTA-DE-VAQUERO-960x639.jpg 960w, https:\/\/saltanoticiassalta.org\/wp-content\/uploads\/2026\/03\/CARLO-FRANCO-CONTA-DE-VAQUERO-768x511.jpg 768w, https:\/\/saltanoticiassalta.org\/wp-content\/uploads\/2026\/03\/CARLO-FRANCO-CONTA-DE-VAQUERO-1024x682.jpg 1024w, https:\/\/saltanoticiassalta.org\/wp-content\/uploads\/2026\/03\/CARLO-FRANCO-CONTA-DE-VAQUERO.jpg 1284w\" sizes=\"auto, (max-width: 584px) 100vw, 584px\" \/><\/p>\n<p><em>Guillermo Capell\u00e1n agradece al periodista de Vaqueros Carlin Franco por haber sido quien investig\u00f3 el Caso Capell\u00e1n desde su Programa Radial Contame Una de Vaqueros<\/em><\/p>\n<div>\u00a0<img loading=\"lazy\" decoding=\"async\" class=\"aligncenter\" src=\"https:\/\/encrypted-tbn0.gstatic.com\/images?q=tbn:ANd9GcT9IQ6g8JuCPe9e3G57fBKMcM4aBi9fKigE9w&amp;s\" alt=\"Radio Municipal de Vaqueros FM 100.1 (@radiomunivaqueros) \u2022 Facebook\" width=\"461\" height=\"497\" \/><\/div>\n<div><img loading=\"lazy\" decoding=\"async\" data-attachment-id=\"17755\" data-permalink=\"https:\/\/saltanoticiassalta.org\/?attachment_id=17755\" data-orig-file=\"https:\/\/saltanoticiassalta.org\/wp-content\/uploads\/2026\/03\/carlo-franco-jpg.jpg\" data-orig-size=\"640,640\" data-comments-opened=\"1\" data-image-meta=\"{&quot;aperture&quot;:&quot;0&quot;,&quot;credit&quot;:&quot;&quot;,&quot;camera&quot;:&quot;&quot;,&quot;caption&quot;:&quot;&quot;,&quot;created_timestamp&quot;:&quot;0&quot;,&quot;copyright&quot;:&quot;&quot;,&quot;focal_length&quot;:&quot;0&quot;,&quot;iso&quot;:&quot;0&quot;,&quot;shutter_speed&quot;:&quot;0&quot;,&quot;title&quot;:&quot;&quot;,&quot;orientation&quot;:&quot;0&quot;}\" data-image-title=\"carlo franco jpg\" data-image-description=\"\" data-image-caption=\"\" data-medium-file=\"https:\/\/saltanoticiassalta.org\/wp-content\/uploads\/2026\/03\/carlo-franco-jpg-300x300.jpg\" data-large-file=\"https:\/\/saltanoticiassalta.org\/wp-content\/uploads\/2026\/03\/carlo-franco-jpg.jpg\" class=\"size-medium wp-image-17755 aligncenter\" src=\"http:\/\/saltanoticiassalta.org\/wp-content\/uploads\/2026\/03\/carlo-franco-jpg-300x300.jpg\" alt=\"\" width=\"300\" height=\"300\" srcset=\"https:\/\/saltanoticiassalta.org\/wp-content\/uploads\/2026\/03\/carlo-franco-jpg-300x300.jpg 300w, https:\/\/saltanoticiassalta.org\/wp-content\/uploads\/2026\/03\/carlo-franco-jpg-150x150.jpg 150w, https:\/\/saltanoticiassalta.org\/wp-content\/uploads\/2026\/03\/carlo-franco-jpg.jpg 640w\" sizes=\"auto, (max-width: 300px) 100vw, 300px\" \/><\/div>\n<div style=\"text-align: center;\"><em><strong><span style=\"font-size: 14pt;\">Carl\u00edn Franco Periodista<\/span><\/strong><\/em><\/div>\n<div style=\"text-align: center;\"><em>Conductor Contame Una de Vaqueros<\/em><\/div>\n<div class=\"html-div xdj266r x14z9mp xat24cr x1lziwak xexx8yu xyri2b x18d9i69 x1c1uobl\" tabindex=\"-1\">\n<p style=\"text-align: center;\">\n<\/div>\n","protected":false},"excerpt":{"rendered":"<p>IA DE META FACEBOOK Las maldiciones de Guillermo Capell\u00e1n son un tema fascinante y controvertido&#8230;<\/p>\n","protected":false},"author":1,"featured_media":17752,"comment_status":"open","ping_status":"closed","sticky":false,"template":"","format":"standard","meta":{"jetpack_post_was_ever_published":false,"_jetpack_newsletter_access":"","_jetpack_dont_email_post_to_subs":false,"_jetpack_newsletter_tier_id":0,"_jetpack_memberships_contains_paywalled_content":false,"_jetpack_memberships_contains_paid_content":false,"footnotes":"","jetpack_publicize_message":"","jetpack_publicize_feature_enabled":true,"jetpack_social_post_already_shared":true,"jetpack_social_options":{"image_generator_settings":{"template":"highway","default_image_id":0,"font":"","enabled":false},"version":2}},"categories":[444],"tags":[],"class_list":["post-17748","post","type-post","status-publish","format-standard","has-post-thumbnail","hentry","category-sociedad"],"jetpack_publicize_connections":[],"jetpack_featured_media_url":"https:\/\/saltanoticiassalta.org\/wp-content\/uploads\/2026\/03\/carlos-noqui-franco.jpg","jetpack_sharing_enabled":true,"jetpack_likes_enabled":true,"_links":{"self":[{"href":"https:\/\/saltanoticiassalta.org\/index.php?rest_route=\/wp\/v2\/posts\/17748","targetHints":{"allow":["GET"]}}],"collection":[{"href":"https:\/\/saltanoticiassalta.org\/index.php?rest_route=\/wp\/v2\/posts"}],"about":[{"href":"https:\/\/saltanoticiassalta.org\/index.php?rest_route=\/wp\/v2\/types\/post"}],"author":[{"embeddable":true,"href":"https:\/\/saltanoticiassalta.org\/index.php?rest_route=\/wp\/v2\/users\/1"}],"replies":[{"embeddable":true,"href":"https:\/\/saltanoticiassalta.org\/index.php?rest_route=%2Fwp%2Fv2%2Fcomments&post=17748"}],"version-history":[{"count":8,"href":"https:\/\/saltanoticiassalta.org\/index.php?rest_route=\/wp\/v2\/posts\/17748\/revisions"}],"predecessor-version":[{"id":17759,"href":"https:\/\/saltanoticiassalta.org\/index.php?rest_route=\/wp\/v2\/posts\/17748\/revisions\/17759"}],"wp:featuredmedia":[{"embeddable":true,"href":"https:\/\/saltanoticiassalta.org\/index.php?rest_route=\/wp\/v2\/media\/17752"}],"wp:attachment":[{"href":"https:\/\/saltanoticiassalta.org\/index.php?rest_route=%2Fwp%2Fv2%2Fmedia&parent=17748"}],"wp:term":[{"taxonomy":"category","embeddable":true,"href":"https:\/\/saltanoticiassalta.org\/index.php?rest_route=%2Fwp%2Fv2%2Fcategories&post=17748"},{"taxonomy":"post_tag","embeddable":true,"href":"https:\/\/saltanoticiassalta.org\/index.php?rest_route=%2Fwp%2Fv2%2Ftags&post=17748"}],"curies":[{"name":"wp","href":"https:\/\/api.w.org\/{rel}","templated":true}]}}