{"id":17732,"date":"2026-03-10T18:03:38","date_gmt":"2026-03-10T21:03:38","guid":{"rendered":"https:\/\/saltanoticiassalta.org\/?p=17732"},"modified":"2026-03-12T13:53:33","modified_gmt":"2026-03-12T16:53:33","slug":"el-guille-de-la-gente-fue-visitado-por-dos-jovenes-de-anta-gory-adrian-omar-y-santiago-orellana","status":"publish","type":"post","link":"https:\/\/saltanoticiassalta.org\/?p=17732","title":{"rendered":"El Guille de la Gente fue visitado por dos j\u00f3venes de Anta, Gory Adri\u00e1n Omar y Santiago Orellana"},"content":{"rendered":"<p><span style=\"font-size: 18pt;\"><em><strong>Gory Adri\u00e1n Omar y Santiago Orellana visitaron a El Guille de la Gente en su Emisora la 104-9, en el Valle Hermoso de San Luis. Omar y Orellana conocieron las instalaciones de la Radio y fueron invitados a compartir un almuerzo con Guillermo Capell\u00e1n.<\/strong><\/em><\/span><\/p>\n<p><img loading=\"lazy\" decoding=\"async\" data-attachment-id=\"17734\" data-permalink=\"https:\/\/saltanoticiassalta.org\/?attachment_id=17734\" data-orig-file=\"https:\/\/saltanoticiassalta.org\/wp-content\/uploads\/2026\/03\/Gory-y-Santi-con-el-Guille.jpg\" data-orig-size=\"1290,967\" data-comments-opened=\"1\" data-image-meta=\"{&quot;aperture&quot;:&quot;0&quot;,&quot;credit&quot;:&quot;&quot;,&quot;camera&quot;:&quot;&quot;,&quot;caption&quot;:&quot;&quot;,&quot;created_timestamp&quot;:&quot;0&quot;,&quot;copyright&quot;:&quot;&quot;,&quot;focal_length&quot;:&quot;0&quot;,&quot;iso&quot;:&quot;0&quot;,&quot;shutter_speed&quot;:&quot;0&quot;,&quot;title&quot;:&quot;&quot;,&quot;orientation&quot;:&quot;0&quot;}\" data-image-title=\"Gory y Santi con el Guille\" data-image-description=\"\" data-image-caption=\"\" data-medium-file=\"https:\/\/saltanoticiassalta.org\/wp-content\/uploads\/2026\/03\/Gory-y-Santi-con-el-Guille-300x225.jpg\" data-large-file=\"https:\/\/saltanoticiassalta.org\/wp-content\/uploads\/2026\/03\/Gory-y-Santi-con-el-Guille-960x720.jpg\" class=\"wp-image-17734 aligncenter\" src=\"http:\/\/saltanoticiassalta.org\/wp-content\/uploads\/2026\/03\/Gory-y-Santi-con-el-Guille-300x225.jpg\" alt=\"\" width=\"789\" height=\"592\" srcset=\"https:\/\/saltanoticiassalta.org\/wp-content\/uploads\/2026\/03\/Gory-y-Santi-con-el-Guille-300x225.jpg 300w, https:\/\/saltanoticiassalta.org\/wp-content\/uploads\/2026\/03\/Gory-y-Santi-con-el-Guille-960x720.jpg 960w, https:\/\/saltanoticiassalta.org\/wp-content\/uploads\/2026\/03\/Gory-y-Santi-con-el-Guille-768x576.jpg 768w, https:\/\/saltanoticiassalta.org\/wp-content\/uploads\/2026\/03\/Gory-y-Santi-con-el-Guille-1024x768.jpg 1024w, https:\/\/saltanoticiassalta.org\/wp-content\/uploads\/2026\/03\/Gory-y-Santi-con-el-Guille.jpg 1290w\" sizes=\"auto, (max-width: 789px) 100vw, 789px\" \/><\/p>\n<p style=\"text-align: center;\"><span style=\"font-size: 14pt;\"><strong>Guillermo Capell\u00e1n en su estudio con Gory Omar y Santi Orellana<\/strong><\/span><\/p>\n<p style=\"text-align: left;\"><em><span style=\"font-size: 18pt;\"><strong>Los j\u00f3venes ante\u00f1os visitaron al Guille de la Gente para hablar de esoterismo y de las actividades que desarrolla en su radio, la 104.9 con estudio en calle Cerro Aracar 808, Valle Hermoso de San Luis, Ciudad de Salta. El inter\u00e9s de Gory y Santi era conocer al astr\u00f3logo y numer\u00f3logo que habla por la radio.<\/strong><\/span><\/em><\/p>\n<p style=\"text-align: center;\"><img loading=\"lazy\" decoding=\"async\" data-attachment-id=\"17185\" data-permalink=\"https:\/\/saltanoticiassalta.org\/?attachment_id=17185\" data-orig-file=\"https:\/\/saltanoticiassalta.org\/wp-content\/uploads\/2026\/02\/FRENTE-DE-CASA-DEL-GUILLE.jpg\" data-orig-size=\"1600,900\" data-comments-opened=\"1\" data-image-meta=\"{&quot;aperture&quot;:&quot;0&quot;,&quot;credit&quot;:&quot;&quot;,&quot;camera&quot;:&quot;&quot;,&quot;caption&quot;:&quot;&quot;,&quot;created_timestamp&quot;:&quot;0&quot;,&quot;copyright&quot;:&quot;&quot;,&quot;focal_length&quot;:&quot;0&quot;,&quot;iso&quot;:&quot;0&quot;,&quot;shutter_speed&quot;:&quot;0&quot;,&quot;title&quot;:&quot;&quot;,&quot;orientation&quot;:&quot;0&quot;}\" data-image-title=\"FRENTE DE CASA DEL GUILLE\" data-image-description=\"\" data-image-caption=\"\" data-medium-file=\"https:\/\/saltanoticiassalta.org\/wp-content\/uploads\/2026\/02\/FRENTE-DE-CASA-DEL-GUILLE-300x169.jpg\" data-large-file=\"https:\/\/saltanoticiassalta.org\/wp-content\/uploads\/2026\/02\/FRENTE-DE-CASA-DEL-GUILLE-960x540.jpg\" class=\"alignnone wp-image-17185\" src=\"http:\/\/saltanoticiassalta.org\/wp-content\/uploads\/2026\/02\/FRENTE-DE-CASA-DEL-GUILLE-300x169.jpg\" alt=\"\" width=\"632\" height=\"356\" srcset=\"https:\/\/saltanoticiassalta.org\/wp-content\/uploads\/2026\/02\/FRENTE-DE-CASA-DEL-GUILLE-300x169.jpg 300w, https:\/\/saltanoticiassalta.org\/wp-content\/uploads\/2026\/02\/FRENTE-DE-CASA-DEL-GUILLE-960x540.jpg 960w, https:\/\/saltanoticiassalta.org\/wp-content\/uploads\/2026\/02\/FRENTE-DE-CASA-DEL-GUILLE-768x432.jpg 768w, https:\/\/saltanoticiassalta.org\/wp-content\/uploads\/2026\/02\/FRENTE-DE-CASA-DEL-GUILLE-1536x864.jpg 1536w, https:\/\/saltanoticiassalta.org\/wp-content\/uploads\/2026\/02\/FRENTE-DE-CASA-DEL-GUILLE-1280x720.jpg 1280w, https:\/\/saltanoticiassalta.org\/wp-content\/uploads\/2026\/02\/FRENTE-DE-CASA-DEL-GUILLE-1024x576.jpg 1024w, https:\/\/saltanoticiassalta.org\/wp-content\/uploads\/2026\/02\/FRENTE-DE-CASA-DEL-GUILLE.jpg 1600w\" sizes=\"auto, (max-width: 632px) 100vw, 632px\" \/><\/p>\n<p style=\"text-align: center;\"><span style=\"font-size: 18pt;\"><em><strong>Fachada de la Emisora Radio del Guille<\/strong><\/em><\/span><\/p>\n<p><span style=\"font-size: 18pt;\"><em><strong>Capell\u00e1n les obsequi\u00f3 Los 50 postulados del \u00c9xito y les transmiti\u00f3 la frase que m\u00e1s utiliza en sus Conferencias: &#8220;El \u00e9xito es el m\u00e1s sublime antojo que se nos puede ocurrir&#8221;<\/strong><\/em><\/span><\/p>\n<p style=\"text-align: center;\"><img loading=\"lazy\" decoding=\"async\" data-attachment-id=\"17797\" data-permalink=\"https:\/\/saltanoticiassalta.org\/?attachment_id=17797\" data-orig-file=\"https:\/\/saltanoticiassalta.org\/wp-content\/uploads\/2026\/03\/tapa-cartilla-del-exito-triangulo2.jpg\" data-orig-size=\"202,253\" data-comments-opened=\"1\" data-image-meta=\"{&quot;aperture&quot;:&quot;0&quot;,&quot;credit&quot;:&quot;&quot;,&quot;camera&quot;:&quot;&quot;,&quot;caption&quot;:&quot;&quot;,&quot;created_timestamp&quot;:&quot;0&quot;,&quot;copyright&quot;:&quot;&quot;,&quot;focal_length&quot;:&quot;0&quot;,&quot;iso&quot;:&quot;0&quot;,&quot;shutter_speed&quot;:&quot;0&quot;,&quot;title&quot;:&quot;&quot;,&quot;orientation&quot;:&quot;0&quot;}\" data-image-title=\"tapa cartilla del exito triangulo2\" data-image-description=\"\" data-image-caption=\"\" data-medium-file=\"https:\/\/saltanoticiassalta.org\/wp-content\/uploads\/2026\/03\/tapa-cartilla-del-exito-triangulo2.jpg\" data-large-file=\"https:\/\/saltanoticiassalta.org\/wp-content\/uploads\/2026\/03\/tapa-cartilla-del-exito-triangulo2.jpg\" class=\"alignnone  wp-image-17797\" src=\"http:\/\/saltanoticiassalta.org\/wp-content\/uploads\/2026\/03\/tapa-cartilla-del-exito-triangulo2.jpg\" alt=\"\" width=\"293\" height=\"367\" \/><\/p>\n<p>&nbsp;<\/p>\n<p>&nbsp;<\/p>\n<p>&nbsp;<\/p>\n","protected":false},"excerpt":{"rendered":"<p>Gory Adri\u00e1n Omar y Santiago Orellana visitaron a El Guille de la Gente en su&#8230;<\/p>\n","protected":false},"author":1,"featured_media":17733,"comment_status":"open","ping_status":"closed","sticky":false,"template":"","format":"standard","meta":{"jetpack_post_was_ever_published":false,"_jetpack_newsletter_access":"","_jetpack_dont_email_post_to_subs":false,"_jetpack_newsletter_tier_id":0,"_jetpack_memberships_contains_paywalled_content":false,"_jetpack_memberships_contains_paid_content":false,"footnotes":"","jetpack_publicize_message":"","jetpack_publicize_feature_enabled":true,"jetpack_social_post_already_shared":true,"jetpack_social_options":{"image_generator_settings":{"template":"highway","default_image_id":0,"font":"","enabled":false},"version":2}},"categories":[444],"tags":[],"class_list":["post-17732","post","type-post","status-publish","format-standard","has-post-thumbnail","hentry","category-sociedad"],"jetpack_publicize_connections":[],"jetpack_featured_media_url":"https:\/\/saltanoticiassalta.org\/wp-content\/uploads\/2026\/03\/gory-omar-y-santi-orellana.jpg","jetpack_sharing_enabled":true,"jetpack_likes_enabled":true,"_links":{"self":[{"href":"https:\/\/saltanoticiassalta.org\/index.php?rest_route=\/wp\/v2\/posts\/17732","targetHints":{"allow":["GET"]}}],"collection":[{"href":"https:\/\/saltanoticiassalta.org\/index.php?rest_route=\/wp\/v2\/posts"}],"about":[{"href":"https:\/\/saltanoticiassalta.org\/index.php?rest_route=\/wp\/v2\/types\/post"}],"author":[{"embeddable":true,"href":"https:\/\/saltanoticiassalta.org\/index.php?rest_route=\/wp\/v2\/users\/1"}],"replies":[{"embeddable":true,"href":"https:\/\/saltanoticiassalta.org\/index.php?rest_route=%2Fwp%2Fv2%2Fcomments&post=17732"}],"version-history":[{"count":5,"href":"https:\/\/saltanoticiassalta.org\/index.php?rest_route=\/wp\/v2\/posts\/17732\/revisions"}],"predecessor-version":[{"id":17798,"href":"https:\/\/saltanoticiassalta.org\/index.php?rest_route=\/wp\/v2\/posts\/17732\/revisions\/17798"}],"wp:featuredmedia":[{"embeddable":true,"href":"https:\/\/saltanoticiassalta.org\/index.php?rest_route=\/wp\/v2\/media\/17733"}],"wp:attachment":[{"href":"https:\/\/saltanoticiassalta.org\/index.php?rest_route=%2Fwp%2Fv2%2Fmedia&parent=17732"}],"wp:term":[{"taxonomy":"category","embeddable":true,"href":"https:\/\/saltanoticiassalta.org\/index.php?rest_route=%2Fwp%2Fv2%2Fcategories&post=17732"},{"taxonomy":"post_tag","embeddable":true,"href":"https:\/\/saltanoticiassalta.org\/index.php?rest_route=%2Fwp%2Fv2%2Ftags&post=17732"}],"curies":[{"name":"wp","href":"https:\/\/api.w.org\/{rel}","templated":true}]}}