{"id":17703,"date":"2026-03-09T15:51:01","date_gmt":"2026-03-09T18:51:01","guid":{"rendered":"https:\/\/saltanoticiassalta.org\/?p=17703"},"modified":"2026-03-09T15:56:19","modified_gmt":"2026-03-09T18:56:19","slug":"sintesis-la-guerra-de-trump-e-israel-contra-iran-el-petroleo-o-la-muerte-la-bolsa-o-la-vida","status":"publish","type":"post","link":"https:\/\/saltanoticiassalta.org\/?p=17703","title":{"rendered":"S\u00cdNTESIS: La Guerra de Trump e Israel contra Ir\u00e1n, el petroleo o la muerte, la bolsa o la vida"},"content":{"rendered":"<div class=\"Y3BBE\" data-sfc-cp=\"\" data-sfc-cb=\"\" data-hveid=\"CAIQAA\" data-complete=\"true\" data-processed=\"true\"><span style=\"font-size: 18pt;\">A marzo de 2026, el hist\u00f3rico enfrentamiento entre Israel e Ir\u00e1n ha escalado de una &#8220;guerra en la sombra&#8221; a un conflicto armado directo y abierto. A continuaci\u00f3n, un resumen de la situaci\u00f3n actual y sus causas:<span class=\"uJ19be notranslate\" data-wiz-uids=\"Jikk2b_d,Jikk2b_e\" data-sfc-cb=\"\" data-complete=\"true\" data-processed=\"true\"><span class=\"vKEkVd\" data-animation-atomic=\"\" data-wiz-attrbind=\"class=Jikk2b_c\/TKHnVd\" data-sae=\"\"><span aria-hidden=\"true\">\u00a0<\/span><\/span><\/span><\/span><\/div>\n<div style=\"text-align: center;\" data-sfc-cp=\"\" data-sfc-cb=\"\" data-hveid=\"CAIQAA\" data-complete=\"true\" data-processed=\"true\"><img decoding=\"async\" src=\"https:\/\/www.nuevatribuna.es\/asset\/thumbnail,992,558,center,center\/media\/nuevatribuna\/images\/2026\/03\/07\/2026030704443665723.jpg\" alt=\"Israel y Estados Unidos no pueden ganar la guerra contra Ir\u00e1n\" \/><\/div>\n<div class=\"Fsg96\" data-sfc-cp=\"\" data-sfc-cb=\"\" data-complete=\"true\" data-processed=\"true\"><\/div>\n<div class=\"otQkpb\" style=\"text-align: center;\" role=\"heading\" aria-level=\"3\" data-animation-nesting=\"\" data-sfc-cp=\"\" data-sfc-cb=\"\" data-complete=\"true\" data-processed=\"true\" data-sae=\"\"><span style=\"font-size: 18pt;\"><strong class=\"Yjhzub\" data-sfc-cb=\"\" data-complete=\"true\">Estado Actual del Conflicto (Marzo 2026)<\/strong><\/span><\/div>\n<ul class=\"KsbFXc U6u95\" data-sfc-cb=\"\" data-complete=\"true\" data-processed=\"true\">\n<li class=\"dF3vjf\" data-sfc-cb=\"\" data-hveid=\"CAQQAA\" data-complete=\"true\" data-sae=\"\"><span class=\"T286Pc\" style=\"font-size: 18pt;\" data-sfc-cp=\"\" data-sfc-cb=\"\" data-complete=\"true\"><strong class=\"Yjhzub\" data-sfc-cb=\"\" data-complete=\"true\">Ofensiva conjunta:<\/strong>\u00a0El 28 de febrero de 2026, Israel y Estados Unidos lanzaron una operaci\u00f3n militar a gran escala contra objetivos estrat\u00e9gicos en Ir\u00e1n.<\/span><\/li>\n<li class=\"dF3vjf\" data-sfc-cb=\"\" data-hveid=\"CAQQAQ\" data-complete=\"true\" data-sae=\"\"><span class=\"T286Pc\" style=\"font-size: 18pt;\" data-sfc-cp=\"\" data-sfc-cb=\"\" data-complete=\"true\"><strong class=\"Yjhzub\" data-sfc-cb=\"\" data-complete=\"true\">Impacto en el liderazgo:<\/strong>\u00a0Los ataques resultaron en la muerte del l\u00edder supremo de Ir\u00e1n, Al\u00ed Jamene\u00ed, y otros altos funcionarios del r\u00e9gimen.<\/span><\/li>\n<\/ul>\n<p style=\"text-align: center;\"><img decoding=\"async\" src=\"https:\/\/elordenmundial.com\/wp-content\/uploads\/2024\/05\/quien-es-ali-jamenei.jpg\" alt=\"Qui\u00e9n era Al\u00ed Jamenei? - El Orden Mundial - EOM\" \/><\/p>\n<ul class=\"KsbFXc U6u95\" data-sfc-cb=\"\" data-complete=\"true\" data-processed=\"true\">\n<li class=\"dF3vjf\" data-sfc-cb=\"\" data-hveid=\"CAQQAg\" data-complete=\"true\" data-sae=\"\"><span class=\"T286Pc\" style=\"font-size: 18pt;\" data-sfc-cp=\"\" data-sfc-cb=\"\" data-complete=\"true\"><strong class=\"Yjhzub\" data-sfc-cb=\"\" data-complete=\"true\">Nuevas hostilidades:<\/strong>\u00a0El 9 de marzo de 2026, Israel inici\u00f3 una nueva oleada de ataques en Teher\u00e1n, Isfah\u00e1n y el sur de Ir\u00e1n, mientras Turqu\u00eda report\u00f3 la interceptaci\u00f3n de misiles bal\u00edsticos iran\u00edes por parte de defensas de la OTAN.<\/span><\/li>\n<li class=\"dF3vjf\" data-sfc-cb=\"\" data-hveid=\"CAQQAw\" data-complete=\"true\" data-sae=\"\"><span class=\"T286Pc\" style=\"font-size: 18pt;\" data-sfc-cp=\"\" data-sfc-cb=\"\" data-complete=\"true\"><strong class=\"Yjhzub\" data-sfc-cb=\"\" data-complete=\"true\">Respuesta de Ir\u00e1n:<\/strong>\u00a0Teher\u00e1n ha respondido con misiles y drones contra territorio israel\u00ed y bases estadounidenses en la regi\u00f3n, logrando impactar en zonas como Haifa y Tel Aviv.<\/span><\/li>\n<\/ul>\n<p style=\"text-align: center;\"><img decoding=\"async\" src=\"https:\/\/www.msf.es\/sites\/default\/files\/styles\/landscape_media_desktop\/public\/MSB171568.jpg?h=6c9e5893&amp;itok=F5jE0bBa\" alt=\"Gaza: es necesario un alto el fuego inmediato | MSF\" \/><\/p>\n<div class=\"Fsg96\" data-sfc-cp=\"\" data-sfc-cb=\"\" data-complete=\"true\" data-processed=\"true\"><\/div>\n<div class=\"otQkpb\" role=\"heading\" aria-level=\"3\" data-animation-nesting=\"\" data-sfc-cp=\"\" data-sfc-cb=\"\" data-complete=\"true\" data-processed=\"true\" data-sae=\"\"><span style=\"font-size: 18pt;\"><strong class=\"Yjhzub\" data-sfc-cb=\"\" data-complete=\"true\">Causas Principales<\/strong><\/span><\/div>\n<ol class=\"IaGLZe VimKh\" data-sfc-cb=\"\" data-complete=\"true\" data-processed=\"true\">\n<li class=\"dF3vjf\" data-sfc-cb=\"\" data-hveid=\"CAYQAA\" data-complete=\"true\" data-sae=\"\"><span class=\"T286Pc\" style=\"font-size: 18pt;\" data-sfc-cp=\"\" data-sfc-cb=\"\" data-complete=\"true\"><strong class=\"Yjhzub\" data-sfc-cb=\"\" data-complete=\"true\">Programa Nuclear:<\/strong>\u00a0Israel sostiene que Ir\u00e1n busca desarrollar armas nucleares, lo cual considera una amenaza existencial.<\/span><\/li>\n<li class=\"dF3vjf\" data-sfc-cb=\"\" data-hveid=\"CAYQAQ\" data-complete=\"true\" data-sae=\"\"><span class=\"T286Pc\" style=\"font-size: 18pt;\" data-sfc-cp=\"\" data-sfc-cb=\"\" data-complete=\"true\"><strong class=\"Yjhzub\" data-sfc-cb=\"\" data-complete=\"true\">Hegemon\u00eda Regional:<\/strong>\u00a0Ambos pa\u00edses compiten por el control de la influencia en Oriente Medio.<\/span><\/li>\n<\/ol>\n<p style=\"text-align: center;\"><img loading=\"lazy\" decoding=\"async\" class=\"\" src=\"https:\/\/cdn.eldestapeweb.com\/eldestape\/032026\/1772566484548.webp?cw=400&amp;ch=225&amp;extw=jpg\" alt=\"Fattah II: as\u00ed son los MISILES HIPERS\u00d3NICOS de Ir\u00e1n | El Destape\" width=\"676\" height=\"380\" \/><\/p>\n<ol class=\"IaGLZe VimKh\" data-sfc-cb=\"\" data-complete=\"true\" data-processed=\"true\">\n<li class=\"dF3vjf\" data-sfc-cb=\"\" data-hveid=\"CAYQAg\" data-complete=\"true\" data-sae=\"\"><span class=\"T286Pc\" style=\"font-size: 18pt;\" data-sfc-cp=\"\" data-sfc-cb=\"\" data-complete=\"true\"><strong class=\"Yjhzub\" data-sfc-cb=\"\" data-complete=\"true\">Guerra por &#8220;Proxies&#8221;:<\/strong>\u00a0Durante d\u00e9cadas, Ir\u00e1n ha apoyado a grupos enemigos de Israel como\u00a0<strong class=\"Yjhzub\" data-sfc-cb=\"\" data-complete=\"true\">Hezbol\u00e1<\/strong>\u00a0en L\u00edbano y\u00a0<strong class=\"Yjhzub\" data-sfc-cb=\"\" data-complete=\"true\">Ham\u00e1s<\/strong>\u00a0en Gaza.<\/span><\/li>\n<li class=\"dF3vjf\" data-sfc-cb=\"\" data-hveid=\"CAYQAw\" data-complete=\"true\" data-sae=\"\"><span style=\"font-size: 18pt;\"><span class=\"T286Pc\" data-sfc-cp=\"\" data-sfc-cb=\"\" data-complete=\"true\"><strong class=\"Yjhzub\" data-sfc-cb=\"\" data-complete=\"true\">Ataques Preventivos:<\/strong>\u00a0Israel ha ejecutado operaciones (como la Operaci\u00f3n &#8220;Le\u00f3n Ascendente&#8221; en 2025) para desmantelar infraestructura militar y nuclear iran\u00ed antes de que el r\u00e9gimen alcance capacidades avanzadas.<\/span><span class=\"uJ19be notranslate\" data-wiz-uids=\"Jikk2b_1y,Jikk2b_1z\" data-sfc-cb=\"\" data-complete=\"true\"><span class=\"vKEkVd\" data-animation-atomic=\"\" data-wiz-attrbind=\"class=Jikk2b_1x\/TKHnVd\" data-sae=\"\"><span aria-hidden=\"true\">\u00a0<\/span><\/span><\/span><\/span><\/li>\n<\/ol>\n<div class=\"Fsg96\" style=\"text-align: center;\" data-sfc-cp=\"\" data-sfc-cb=\"\" data-complete=\"true\" data-processed=\"true\"><img loading=\"lazy\" decoding=\"async\" class=\"\" src=\"https:\/\/imagenes.elpais.com\/resizer\/v2\/LKSGYHSVMZDFPMK3TTFUTU7FGY.jpg?auth=4665f66e037e7539a0d99f9e74840dbb9701b69336b5726a2b71e753adcd3962&amp;width=414\" alt=\"Ir\u00e1n desaf\u00eda a EE UU e Israel: el hijo de Jamene\u00ed, nuevo l\u00edder supremo | El PA\u00cdS Expr\u00e9s | EL PA\u00cdS\" width=\"632\" height=\"632\" \/><\/div>\n<div style=\"text-align: center;\" data-sfc-cp=\"\" data-sfc-cb=\"\" data-complete=\"true\" data-processed=\"true\"><span style=\"font-size: 14pt;\">EL NUEVO LIDER SUPREMO DE IR\u00c1N<\/span><\/div>\n<div style=\"text-align: center;\" data-sfc-cp=\"\" data-sfc-cb=\"\" data-complete=\"true\" data-processed=\"true\">\n<h1 id=\"maincontent\" class=\"headline__text inline-placeholder vossi-headline-text\" data-editable=\"headlineText\">Mojtaba Jamenei<\/h1>\n<\/div>\n<div class=\"otQkpb\" style=\"text-align: center;\" role=\"heading\" aria-level=\"3\" data-animation-nesting=\"\" data-sfc-cp=\"\" data-sfc-cb=\"\" data-complete=\"true\" data-processed=\"true\" data-sae=\"\"><span style=\"font-size: 18pt;\"><strong class=\"Yjhzub\" data-sfc-cb=\"\" data-complete=\"true\">Consecuencias Inmediatas<\/strong><\/span><\/div>\n<ul class=\"KsbFXc U6u95\" data-sfc-cb=\"\" data-complete=\"true\" data-processed=\"true\">\n<li class=\"dF3vjf\" data-sfc-cb=\"\" data-hveid=\"CAkQAA\" data-complete=\"true\" data-sae=\"\"><span class=\"T286Pc\" style=\"font-size: 18pt;\" data-sfc-cp=\"\" data-sfc-cb=\"\" data-complete=\"true\"><strong class=\"Yjhzub\" data-sfc-cb=\"\" data-complete=\"true\">Bajas y Desplazados:<\/strong>\u00a0Se reportan miles de v\u00edctimas y heridos en ambos bandos, adem\u00e1s de desplazamientos masivos de poblaci\u00f3n civil.<\/span><\/li>\n<li class=\"dF3vjf\" data-sfc-cb=\"\" data-hveid=\"CAkQAQ\" data-complete=\"true\" data-sae=\"\"><span style=\"font-size: 18pt;\"><span class=\"T286Pc\" data-sfc-cp=\"\" data-sfc-cb=\"\" data-complete=\"true\"><strong class=\"Yjhzub\" data-sfc-cb=\"\" data-complete=\"true\">Inestabilidad Global:<\/strong>\u00a0El conflicto ha provocado alertas internacionales por el riesgo de una guerra nuclear y ha impactado los mercados energ\u00e9ticos y la seguridad en el Mar Rojo.<\/span><span class=\"uJ19be notranslate\" data-wiz-uids=\"Jikk2b_3s,Jikk2b_3t\" data-sfc-cb=\"\" data-complete=\"true\"><span class=\"vKEkVd\" data-animation-atomic=\"\" data-wiz-attrbind=\"class=Jikk2b_3r\/TKHnVd\" data-sae=\"\"><span aria-hidden=\"true\" aria-owns=\"action-menu-parent-container\">\u00a0<\/span><\/span><\/span><\/span><\/li>\n<\/ul>\n<p style=\"text-align: center;\"><img decoding=\"async\" src=\"https:\/\/d2udx5iz3h7s4h.cloudfront.net\/2025\/12\/7\/Reuters\/image\/2025_12_07T115854Z_1_LYNXMPELB605G_RTROPTP_3_ISRAEL_PALESTINIANS_TRUMP_NETANYAHU.JPG?width=1440&amp;format=webp&amp;quality=80\" alt=\"Netanyahu llega a EE.UU. para hablar con Trump en un clima de frustraci\u00f3n con Israel - TRT Espa\u00f1ol\" \/><\/p>\n<p><span style=\"font-size: 24pt;\">Conclusi\u00f3n: esta guerra es el capricho pol\u00edtico y la avaricia del Presidente Donald Trump quien no quiere dejar la Casa Blanca. Y por su parte, el beligerante Benjam\u00edn Netanyahu que se aferra al poder del Gobierno de Israel con el plan de sus ideas sionista que, a pesar de la alianza, no les est\u00e1 yendo bien.<\/span><\/p>\n","protected":false},"excerpt":{"rendered":"<p>A marzo de 2026, el hist\u00f3rico enfrentamiento entre Israel e Ir\u00e1n ha escalado de una&#8230;<\/p>\n","protected":false},"author":1,"featured_media":17398,"comment_status":"open","ping_status":"closed","sticky":false,"template":"","format":"standard","meta":{"jetpack_post_was_ever_published":false,"_jetpack_newsletter_access":"","_jetpack_dont_email_post_to_subs":false,"_jetpack_newsletter_tier_id":0,"_jetpack_memberships_contains_paywalled_content":false,"_jetpack_memberships_contains_paid_content":false,"footnotes":"","jetpack_publicize_message":"","jetpack_publicize_feature_enabled":true,"jetpack_social_post_already_shared":true,"jetpack_social_options":{"image_generator_settings":{"template":"highway","default_image_id":0,"font":"","enabled":false},"version":2}},"categories":[444],"tags":[],"class_list":["post-17703","post","type-post","status-publish","format-standard","has-post-thumbnail","hentry","category-sociedad"],"jetpack_publicize_connections":[],"jetpack_featured_media_url":"https:\/\/saltanoticiassalta.org\/wp-content\/uploads\/2026\/03\/donald-trump-netanyahu-2.jpg","jetpack_sharing_enabled":true,"jetpack_likes_enabled":true,"_links":{"self":[{"href":"https:\/\/saltanoticiassalta.org\/index.php?rest_route=\/wp\/v2\/posts\/17703","targetHints":{"allow":["GET"]}}],"collection":[{"href":"https:\/\/saltanoticiassalta.org\/index.php?rest_route=\/wp\/v2\/posts"}],"about":[{"href":"https:\/\/saltanoticiassalta.org\/index.php?rest_route=\/wp\/v2\/types\/post"}],"author":[{"embeddable":true,"href":"https:\/\/saltanoticiassalta.org\/index.php?rest_route=\/wp\/v2\/users\/1"}],"replies":[{"embeddable":true,"href":"https:\/\/saltanoticiassalta.org\/index.php?rest_route=%2Fwp%2Fv2%2Fcomments&post=17703"}],"version-history":[{"count":1,"href":"https:\/\/saltanoticiassalta.org\/index.php?rest_route=\/wp\/v2\/posts\/17703\/revisions"}],"predecessor-version":[{"id":17704,"href":"https:\/\/saltanoticiassalta.org\/index.php?rest_route=\/wp\/v2\/posts\/17703\/revisions\/17704"}],"wp:featuredmedia":[{"embeddable":true,"href":"https:\/\/saltanoticiassalta.org\/index.php?rest_route=\/wp\/v2\/media\/17398"}],"wp:attachment":[{"href":"https:\/\/saltanoticiassalta.org\/index.php?rest_route=%2Fwp%2Fv2%2Fmedia&parent=17703"}],"wp:term":[{"taxonomy":"category","embeddable":true,"href":"https:\/\/saltanoticiassalta.org\/index.php?rest_route=%2Fwp%2Fv2%2Fcategories&post=17703"},{"taxonomy":"post_tag","embeddable":true,"href":"https:\/\/saltanoticiassalta.org\/index.php?rest_route=%2Fwp%2Fv2%2Ftags&post=17703"}],"curies":[{"name":"wp","href":"https:\/\/api.w.org\/{rel}","templated":true}]}}